{"id":3091,"date":"2025-08-13T20:35:30","date_gmt":"2025-08-13T17:35:30","guid":{"rendered":"https:\/\/ivasanat.com\/blog\/?p=3091"},"modified":"2026-04-28T11:58:31","modified_gmt":"2026-04-28T08:58:31","slug":"mimari-akimlarin-gecmisten-gunumuze-yolculugu","status":"publish","type":"post","link":"https:\/\/ivasanat.com\/blog\/mimari-akimlarin-gecmisten-gunumuze-yolculugu\/","title":{"rendered":"Mimari Ak\u0131mlar\u0131n Ge\u00e7mi\u015ften G\u00fcn\u00fcm\u00fcze Yolculu\u011fu: Antik Tap\u0131naklardan Modern G\u00f6kdelenlere"},"content":{"rendered":"\n<p><strong>Mimari ak\u0131mlar<\/strong>, insanl\u0131k tarihinin sessiz ama en etkileyici hik\u00e2ye anlat\u0131c\u0131lar\u0131d\u0131r. Antik M\u0131s\u0131r\u2019\u0131n an\u0131tsal piramitlerinden R\u00f6nesans\u2019\u0131n zarif kubbelerine, sanayi devriminin demir ve camdan k\u00f6pr\u00fclerinden g\u00fcn\u00fcm\u00fcz\u00fcn s\u00fcrd\u00fcr\u00fclebilir g\u00f6kdelenlerine kadar her mimari ak\u0131m, kendi d\u00f6neminin k\u00fclt\u00fcrel, teknolojik ve estetik anlay\u0131\u015f\u0131n\u0131 yans\u0131t\u0131r. Ge\u00e7mi\u015ften g\u00fcn\u00fcm\u00fcze mimarl\u0131k tarihine y\u00f6n veren ba\u015fl\u0131ca ak\u0131mlar\u0131, ortaya \u00e7\u0131kt\u0131klar\u0131 ko\u015fullar\u0131 ve d\u00fcnyaya b\u0131rakt\u0131klar\u0131 izleri ke\u015ffetmek, insanl\u0131k tarihinin de anla\u015f\u0131lmas\u0131na yard\u0131mc\u0131 olacakt\u0131r.<\/p>\n\n\n\n<figure class=\"wp-block-image size-large\"><img loading=\"lazy\" decoding=\"async\" width=\"1024\" height=\"768\" src=\"https:\/\/ivasanat.com\/blog\/wp-content\/uploads\/2025\/08\/mimari-akimlar-2-1024x768.jpg\" alt=\"\" class=\"wp-image-3095\" title=\"\" srcset=\"https:\/\/ivasanat.com\/blog\/wp-content\/uploads\/2025\/08\/mimari-akimlar-2-1024x768.jpg 1024w, https:\/\/ivasanat.com\/blog\/wp-content\/uploads\/2025\/08\/mimari-akimlar-2-300x225.jpg 300w, https:\/\/ivasanat.com\/blog\/wp-content\/uploads\/2025\/08\/mimari-akimlar-2-768x576.jpg 768w, https:\/\/ivasanat.com\/blog\/wp-content\/uploads\/2025\/08\/mimari-akimlar-2-1536x1152.jpg 1536w, https:\/\/ivasanat.com\/blog\/wp-content\/uploads\/2025\/08\/mimari-akimlar-2-16x12.jpg 16w, https:\/\/ivasanat.com\/blog\/wp-content\/uploads\/2025\/08\/mimari-akimlar-2.jpg 1920w\" sizes=\"auto, (max-width: 1024px) 100vw, 1024px\" \/><\/figure>\n\n\n\n<h2 class=\"wp-block-heading\" id=\"antik-cag-mimari-akimlari\"><strong>Antik \u00c7a\u011f Mimari Ak\u0131mlar\u0131<\/strong><\/h2>\n\n\n\n<h3 class=\"wp-block-heading\" id=\"antik-misir\"><strong>Antik M\u0131s\u0131r<\/strong><\/h3>\n\n\n\n<p>Yakla\u015f\u0131k 4.500 y\u0131l \u00f6nce Nil Nehri k\u0131y\u0131s\u0131nda y\u00fckselen <a href=\"https:\/\/ivasanat.com\/blog\/antik-misir-sanatinin-hikayesi-ve-5-onemli-eseri\/\" target=\"_blank\" rel=\"noreferrer noopener\">piramitler<\/a>, bir uygarl\u0131\u011f\u0131n \u00f6l\u00fcms\u00fczl\u00fck inanc\u0131n\u0131n ta\u015fla\u015fm\u0131\u015f haliydi. <strong>Mimari ak\u0131mlar<\/strong>, burada dini t\u00f6renlerin ve \u00f6l\u00fcmden sonraki ya\u015fam\u0131n bir par\u00e7as\u0131yd\u0131. Giza Piramitleri, astronomik hizalamalar\u0131 ve matematiksel kesinli\u011fiyle h\u00e2l\u00e2 m\u00fchendislik harikas\u0131 olarak kabul edilir. Tap\u0131naklarda kullan\u0131lan devasa s\u00fctunlar ve hiyerogliflerle kapl\u0131 duvarlar, hem estetik hem de k\u00fclt\u00fcrel bir dil olu\u015fturuyordu.<\/p>\n\n\n\n<figure class=\"wp-block-image size-large\"><img loading=\"lazy\" decoding=\"async\" width=\"1024\" height=\"384\" src=\"https:\/\/ivasanat.com\/blog\/wp-content\/uploads\/2025\/08\/mimari-akimlar-0-1024x384.jpg\" alt=\"\" class=\"wp-image-3097\" title=\"\" srcset=\"https:\/\/ivasanat.com\/blog\/wp-content\/uploads\/2025\/08\/mimari-akimlar-0-1024x384.jpg 1024w, https:\/\/ivasanat.com\/blog\/wp-content\/uploads\/2025\/08\/mimari-akimlar-0-300x113.jpg 300w, https:\/\/ivasanat.com\/blog\/wp-content\/uploads\/2025\/08\/mimari-akimlar-0-768x288.jpg 768w, https:\/\/ivasanat.com\/blog\/wp-content\/uploads\/2025\/08\/mimari-akimlar-0-1536x576.jpg 1536w, https:\/\/ivasanat.com\/blog\/wp-content\/uploads\/2025\/08\/mimari-akimlar-0-18x7.jpg 18w, https:\/\/ivasanat.com\/blog\/wp-content\/uploads\/2025\/08\/mimari-akimlar-0.jpg 1920w\" sizes=\"auto, (max-width: 1024px) 100vw, 1024px\" \/><\/figure>\n\n\n\n<h3 class=\"wp-block-heading\" id=\"antik-yunan\"><strong>Antik Yunan<\/strong><\/h3>\n\n\n\n<p>Mimari ak\u0131mlar burada esteti\u011fin ve felsefenin somut haliydi. Yunanlar i\u00e7in oran ve simetri, yaln\u0131zca g\u00f6rsel uyum de\u011fil, ayn\u0131 zamanda ahlaki bir idealdi. Dor, \u0130yon ve Korint s\u00fctun d\u00fczenleri, bir yap\u0131n\u0131n karakterini ba\u015ftan belirlerdi. Atina\u2019daki Parthenon Tap\u0131na\u011f\u0131, bu anlay\u0131\u015f\u0131n doruk noktas\u0131d\u0131r. Yap\u0131lar genellikle mermerden in\u015fa edilir ve tanr\u0131lara adan\u0131rd\u0131; bu y\u00fczden hem kusursuz hem de zamans\u0131z olmalar\u0131 hedeflenirdi.<\/p>\n\n\n\n<h3 class=\"wp-block-heading\" id=\"roma-imparatorlugu\"><strong>Roma \u0130mparatorlu\u011fu<\/strong><\/h3>\n\n\n\n<figure class=\"wp-block-image size-large\"><img loading=\"lazy\" decoding=\"async\" width=\"1024\" height=\"683\" src=\"https:\/\/ivasanat.com\/blog\/wp-content\/uploads\/2025\/08\/mimari-akimlar-5-1024x683.jpg\" alt=\"\" class=\"wp-image-3096\" title=\"\" srcset=\"https:\/\/ivasanat.com\/blog\/wp-content\/uploads\/2025\/08\/mimari-akimlar-5-1024x683.jpg 1024w, https:\/\/ivasanat.com\/blog\/wp-content\/uploads\/2025\/08\/mimari-akimlar-5-300x200.jpg 300w, https:\/\/ivasanat.com\/blog\/wp-content\/uploads\/2025\/08\/mimari-akimlar-5-768x512.jpg 768w, https:\/\/ivasanat.com\/blog\/wp-content\/uploads\/2025\/08\/mimari-akimlar-5-1536x1024.jpg 1536w, https:\/\/ivasanat.com\/blog\/wp-content\/uploads\/2025\/08\/mimari-akimlar-5-18x12.jpg 18w, https:\/\/ivasanat.com\/blog\/wp-content\/uploads\/2025\/08\/mimari-akimlar-5.jpg 1920w\" sizes=\"auto, (max-width: 1024px) 100vw, 1024px\" \/><\/figure>\n\n\n\n<p>Romal\u0131lar, Yunan mimari ak\u0131mlar\u0131n\u0131n esteti\u011fini ald\u0131lar ve m\u00fchendislik g\u00fcc\u00fcyle birle\u015ftirdiler. Kemer, tonoz ve kubbe sistemlerini geli\u015ftirerek devasa amfitiyatrolar, su kemerleri ve hamamlar in\u015fa ettiler. Kolezyum, 50.000 ki\u015filik kapasitesiyle yaln\u0131zca bir spor alan\u0131 de\u011fil, imparatorlu\u011fun g\u00fcc\u00fcn\u00fc sergileyen bir propaganda arac\u0131d\u0131r. Roma \u015fehirlerinde mimarl\u0131k, halk\u0131n g\u00fcndelik ya\u015fam\u0131n\u0131n tam merkezindeydi.<\/p>\n\n\n\n<h2 class=\"wp-block-heading\" id=\"orta-cag-mimari-akimlari\"><strong>Orta \u00c7a\u011f Mimari Ak\u0131mlar\u0131<\/strong><\/h2>\n\n\n\n<h3 class=\"wp-block-heading\" id=\"romanesk\"><strong>Romanesk<\/strong><\/h3>\n\n\n\n<p>11. ve 12. y\u00fczy\u0131llarda Avrupa\u2019n\u0131n siyasi olarak par\u00e7al\u0131 ama dini olarak g\u00fc\u00e7l\u00fc oldu\u011fu bir d\u00f6nemde ortaya \u00e7\u0131kan mimari ak\u0131mlardan Romanesk, g\u00fcvenlik ve kal\u0131c\u0131l\u0131k hissi veriyordu. Kal\u0131n ta\u015f duvarlar, dar pencereler ve yuvarlak kemerler bu tarz\u0131n en belirgin \u00f6zellikleriydi. I\u015f\u0131k, az ve kontroll\u00fc bir \u015fekilde i\u00e7eri al\u0131n\u0131r, bu da yap\u0131lara mistik bir atmosfer katard\u0131. Manast\u0131rlar, kiliseler ve \u015fatolar bu d\u00f6nemde yaln\u0131zca ibadet veya bar\u0131nma alan\u0131 de\u011fil, ayn\u0131 zamanda savunma yap\u0131lar\u0131 olarak da kullan\u0131ld\u0131. Fransa\u2019daki Cluny Manast\u0131r\u0131, Romanesk anlay\u0131\u015f\u0131n en etkileyici \u00f6rneklerinden biridir.<\/p>\n\n\n\n<h3 class=\"wp-block-heading\" id=\"gotik\"><strong>Gotik<\/strong><\/h3>\n\n\n\n<figure class=\"wp-block-image size-large\"><img loading=\"lazy\" decoding=\"async\" width=\"1024\" height=\"683\" src=\"https:\/\/ivasanat.com\/blog\/wp-content\/uploads\/2025\/08\/mimari-akimlar-1-1024x683.jpg\" alt=\"\" class=\"wp-image-3094\" title=\"\" srcset=\"https:\/\/ivasanat.com\/blog\/wp-content\/uploads\/2025\/08\/mimari-akimlar-1-1024x683.jpg 1024w, https:\/\/ivasanat.com\/blog\/wp-content\/uploads\/2025\/08\/mimari-akimlar-1-300x200.jpg 300w, https:\/\/ivasanat.com\/blog\/wp-content\/uploads\/2025\/08\/mimari-akimlar-1-768x512.jpg 768w, https:\/\/ivasanat.com\/blog\/wp-content\/uploads\/2025\/08\/mimari-akimlar-1-1536x1025.jpg 1536w, https:\/\/ivasanat.com\/blog\/wp-content\/uploads\/2025\/08\/mimari-akimlar-1-18x12.jpg 18w, https:\/\/ivasanat.com\/blog\/wp-content\/uploads\/2025\/08\/mimari-akimlar-1.jpg 1920w\" sizes=\"auto, (max-width: 1024px) 100vw, 1024px\" \/><\/figure>\n\n\n\n<p>12. y\u00fczy\u0131l\u0131n ortalar\u0131ndan itibaren Romanesk\u2019in a\u011f\u0131r ve kapal\u0131 yap\u0131s\u0131na bir tepki olarak <a href=\"https:\/\/ivasanat.com\/blog\/gotik-sanat-mimari-orta-cagin-karanlik-estetigi\/\" target=\"_blank\" rel=\"noreferrer noopener\">Gotik<\/a> mimari do\u011fdu. Sivri kemerler, ince s\u00fctunlar ve devasa vitray pencerelerle g\u00f6\u011fe y\u00fckselen yap\u0131lar, hem Tanr\u0131\u2019ya ula\u015fma arzusunu hem de d\u00f6nemin teknolojik geli\u015fimini simgeliyordu. I\u015f\u0131k, Gotik i\u00e7in ilahi bir unsur olarak kabul edildi; vitraylardan s\u00fcz\u00fclen renkli \u0131\u015f\u0131k huzmeleri, i\u00e7 mek\u00e2nda neredeyse b\u00fcy\u00fcl\u00fc bir atmosfer yarat\u0131yordu. Fransa\u2019daki Notre Dame Katedrali veya Chartres Katedrali, bu ihti\u015fam\u0131 en iyi yans\u0131tan yap\u0131lard\u0131r. Gotik mimarl\u0131k, ayn\u0131 zamanda \u015fehirlerin simgesel yap\u0131lar\u0131 haline gelerek mimari ak\u0131mlar\u0131n ve toplumsal gururun bir par\u00e7as\u0131 oldu.<\/p>\n\n\n\n<h2 class=\"wp-block-heading\" id=\"ronesans-ve-barok-donemi-mimari-akimlari\"><strong>R\u00f6nesans ve Barok D\u00f6nemi Mimari Ak\u0131mlar\u0131<\/strong><\/h2>\n\n\n\n<h3 class=\"wp-block-heading\" id=\"ronesans\"><strong>R\u00f6nesans<\/strong><\/h3>\n\n\n\n<figure class=\"wp-block-image size-large\"><img loading=\"lazy\" decoding=\"async\" width=\"1024\" height=\"576\" src=\"https:\/\/ivasanat.com\/blog\/wp-content\/uploads\/2025\/08\/mimari-akimlar-7-1024x576.jpg\" alt=\"\" class=\"wp-image-3098\" title=\"\" srcset=\"https:\/\/ivasanat.com\/blog\/wp-content\/uploads\/2025\/08\/mimari-akimlar-7-1024x576.jpg 1024w, https:\/\/ivasanat.com\/blog\/wp-content\/uploads\/2025\/08\/mimari-akimlar-7-300x169.jpg 300w, https:\/\/ivasanat.com\/blog\/wp-content\/uploads\/2025\/08\/mimari-akimlar-7-768x432.jpg 768w, https:\/\/ivasanat.com\/blog\/wp-content\/uploads\/2025\/08\/mimari-akimlar-7-1536x864.jpg 1536w, https:\/\/ivasanat.com\/blog\/wp-content\/uploads\/2025\/08\/mimari-akimlar-7-2048x1152.jpg 2048w, https:\/\/ivasanat.com\/blog\/wp-content\/uploads\/2025\/08\/mimari-akimlar-7-18x10.jpg 18w\" sizes=\"auto, (max-width: 1024px) 100vw, 1024px\" \/><\/figure>\n\n\n\n<p>15. y\u00fczy\u0131l \u0130talya\u2019s\u0131nda ba\u015flayan <a href=\"https:\/\/ivasanat.com\/blog\/ronesans-sanati-ile-insanligin-yeniden-dogusu\/\" target=\"_blank\" rel=\"noreferrer noopener\">R\u00f6nesans<\/a>, ad\u0131n\u0131 Frans\u0131zca \u201cyeniden do\u011fu\u015f\u201d anlam\u0131na gelen kelimeden al\u0131r. Bu d\u00f6nem, Antik Yunan ve Roma\u2019n\u0131n estetik ve matematik ilkelerinin ve mimari ak\u0131mlar\u0131n\u0131n yeniden ke\u015ffiyle \u015fekillendi. Mimarl\u0131kta perspektif kullan\u0131m\u0131, oran-orant\u0131 dengesi ve simetri \u00f6n plana \u00e7\u0131kt\u0131. Filippo Brunelleschi\u2019nin Floransa Katedrali kubbesi, m\u00fchendisli\u011fin sanata d\u00f6n\u00fc\u015ft\u00fc\u011f\u00fc bir \u015faheserdi. Yap\u0131lar, insan \u00f6l\u00e7e\u011finde tasarland\u0131; bu da onlar\u0131 hem g\u00f6rkemli hem de davetk\u00e2r k\u0131ld\u0131. R\u00f6nesans mimarl\u0131\u011f\u0131, ak\u0131l ile esteti\u011fin kusursuz birle\u015fimiydi.<\/p>\n\n\n\n<h3 class=\"wp-block-heading\" id=\"barok\"><strong>Barok<\/strong><\/h3>\n\n\n\n<figure class=\"wp-block-image size-large\"><img loading=\"lazy\" decoding=\"async\" width=\"1024\" height=\"683\" src=\"https:\/\/ivasanat.com\/blog\/wp-content\/uploads\/2025\/08\/mimari-akimlar-10-1024x683.jpg\" alt=\"\" class=\"wp-image-3101\" title=\"\" srcset=\"https:\/\/ivasanat.com\/blog\/wp-content\/uploads\/2025\/08\/mimari-akimlar-10-1024x683.jpg 1024w, https:\/\/ivasanat.com\/blog\/wp-content\/uploads\/2025\/08\/mimari-akimlar-10-300x200.jpg 300w, https:\/\/ivasanat.com\/blog\/wp-content\/uploads\/2025\/08\/mimari-akimlar-10-768x512.jpg 768w, https:\/\/ivasanat.com\/blog\/wp-content\/uploads\/2025\/08\/mimari-akimlar-10-1536x1024.jpg 1536w, https:\/\/ivasanat.com\/blog\/wp-content\/uploads\/2025\/08\/mimari-akimlar-10-18x12.jpg 18w, https:\/\/ivasanat.com\/blog\/wp-content\/uploads\/2025\/08\/mimari-akimlar-10.jpg 1920w\" sizes=\"auto, (max-width: 1024px) 100vw, 1024px\" \/><\/figure>\n\n\n\n<p>17. y\u00fczy\u0131la gelindi\u011finde mimari ak\u0131mlar, adeta sahne sanat\u0131na d\u00f6n\u00fc\u015ft\u00fc. <a href=\"https:\/\/ivasanat.com\/blog\/sanatta-barok-akimi\/\" target=\"_blank\" rel=\"noreferrer noopener\">Barok<\/a> \u00fcslup, dramatik \u0131\u015f\u0131k-g\u00f6lge oyunlar\u0131, hareketli cepheler ve zengin s\u00fcslemelerle izleyiciyi etkilemeyi hedefliyordu. Yap\u0131lar sadece i\u015flevsel de\u011fil, ayn\u0131 zamanda bir g\u00fc\u00e7 g\u00f6sterisiydi. \u0130talya\u2019daki St. Peter\u2019s Bazilikas\u0131 ve Fransa\u2019daki Versailles Saray\u0131, bu teatral ihti\u015fam\u0131n simgesidir. Barok mimarl\u0131kta merdivenler bile bir g\u00f6sterinin par\u00e7as\u0131 haline gelir, devasa salonlarda alt\u0131n varakl\u0131 detaylar g\u00f6z kama\u015ft\u0131r\u0131rd\u0131.<\/p>\n\n\n\n<h3 class=\"wp-block-heading\" id=\"rokoko\"><strong>Rokoko<\/strong><\/h3>\n\n\n\n<p>Barok\u2019un g\u00f6rkemli ve ciddi havas\u0131, 18. y\u00fczy\u0131lda yerini daha hafif, zarif ve oyunbaz bir tarza b\u0131rakt\u0131: <a href=\"https:\/\/ivasanat.com\/blog\/rokoko-sanati-nedir-hafiflik-zarafet-romantizm\/\" target=\"_blank\" rel=\"noreferrer noopener\">Rokoko<\/a>. Pastel tonlar, k\u0131vr\u0131ml\u0131 hatlar, asimetrik s\u00fcslemeler ve romantik temalar bu d\u00f6nemin karakterini olu\u015fturdu. Rokoko yap\u0131lar\u0131nda g\u00f6rkem h\u00e2l\u00e2 vard\u0131 ama sert de\u011fil, nazik bir \u015fekilde hissediliyordu. Fransa\u2019daki Petit Trianon Saray\u0131, bu ince zarafetin g\u00fczel bir \u00f6rne\u011fidir.<\/p>\n\n\n\n<h2 class=\"wp-block-heading\" id=\"19-yuzyil-mimari-akimlari\"><strong>19. Y\u00fczy\u0131l Mimari Ak\u0131mlar\u0131<\/strong><\/h2>\n\n\n\n<h3 class=\"wp-block-heading\" id=\"neoklasik\"><strong>Neoklasik<\/strong><\/h3>\n\n\n\n<figure class=\"wp-block-image size-large\"><img loading=\"lazy\" decoding=\"async\" width=\"1024\" height=\"683\" src=\"https:\/\/ivasanat.com\/blog\/wp-content\/uploads\/2025\/07\/neoklasisizm-akimi-nedir-4-1024x683.jpg\" alt=\"\" class=\"wp-image-2919\" title=\"\" srcset=\"https:\/\/ivasanat.com\/blog\/wp-content\/uploads\/2025\/07\/neoklasisizm-akimi-nedir-4-1024x683.jpg 1024w, https:\/\/ivasanat.com\/blog\/wp-content\/uploads\/2025\/07\/neoklasisizm-akimi-nedir-4-300x200.jpg 300w, https:\/\/ivasanat.com\/blog\/wp-content\/uploads\/2025\/07\/neoklasisizm-akimi-nedir-4-768x512.jpg 768w, https:\/\/ivasanat.com\/blog\/wp-content\/uploads\/2025\/07\/neoklasisizm-akimi-nedir-4-1536x1024.jpg 1536w, https:\/\/ivasanat.com\/blog\/wp-content\/uploads\/2025\/07\/neoklasisizm-akimi-nedir-4-18x12.jpg 18w, https:\/\/ivasanat.com\/blog\/wp-content\/uploads\/2025\/07\/neoklasisizm-akimi-nedir-4.jpg 1920w\" sizes=\"auto, (max-width: 1024px) 100vw, 1024px\" \/><\/figure>\n\n\n\n<p>18. y\u00fczy\u0131l\u0131n sonlar\u0131nda do\u011fup 19. y\u00fczy\u0131lda zirveye ula\u015fan <a href=\"https:\/\/ivasanat.com\/blog\/neoklasisizm-akimi-nedir-sanatta-sadelik-ve-akil\/\" target=\"_blank\" rel=\"noreferrer noopener\">Neoklasik<\/a> mimarl\u0131k, Antik Yunan ve Roma\u2019n\u0131n mimari ak\u0131mlar\u0131na bir d\u00f6n\u00fc\u015f niteli\u011findeydi. Sade, simetrik ve an\u0131tsal cepheler, g\u00fc\u00e7l\u00fc s\u00fctunlar ve orant\u0131l\u0131 yap\u0131lar bu ak\u0131m\u0131n temel \u00f6zellikleriydi. Sanayi devrimiyle de\u011fi\u015fen toplum yap\u0131s\u0131na ra\u011fmen Neoklasik, devlet binalar\u0131, m\u00fczeler ve \u00fcniversiteler gibi prestijli yap\u0131larda tercih edildi. Paris\u2019teki Panth\u00e9on veya Washington\u2019daki Capitol Binas\u0131 bu anlay\u0131\u015f\u0131n simgeleridir. Neoklasik, g\u00fc\u00e7 ve d\u00fczen mesaj\u0131 vermek isteyen her yap\u0131ya kusursuz bir kimlik kazand\u0131rd\u0131.<\/p>\n\n\n\n<h3 class=\"wp-block-heading\" id=\"art-nouveau\"><strong>Art Nouveau<\/strong><\/h3>\n\n\n\n<figure class=\"wp-block-image size-full\"><img loading=\"lazy\" decoding=\"async\" width=\"1000\" height=\"600\" src=\"https:\/\/ivasanat.com\/blog\/wp-content\/uploads\/2025\/07\/art-nouveau-akimi-nedir-3.webp\" alt=\"\" class=\"wp-image-2834\" title=\"\" srcset=\"https:\/\/ivasanat.com\/blog\/wp-content\/uploads\/2025\/07\/art-nouveau-akimi-nedir-3.webp 1000w, https:\/\/ivasanat.com\/blog\/wp-content\/uploads\/2025\/07\/art-nouveau-akimi-nedir-3-300x180.webp 300w, https:\/\/ivasanat.com\/blog\/wp-content\/uploads\/2025\/07\/art-nouveau-akimi-nedir-3-768x461.webp 768w, https:\/\/ivasanat.com\/blog\/wp-content\/uploads\/2025\/07\/art-nouveau-akimi-nedir-3-18x12.webp 18w\" sizes=\"auto, (max-width: 1000px) 100vw, 1000px\" \/><\/figure>\n\n\n\n<p>19. y\u00fczy\u0131l\u0131n sonlar\u0131na do\u011fru mimari ak\u0131mlarda daha \u00f6zg\u00fcr, do\u011fadan esinlenen bir yakla\u015f\u0131m ortaya \u00e7\u0131kt\u0131: <a href=\"https:\/\/ivasanat.com\/blog\/art-nouveau-akimi-nedir-dogayla-sekillenen-zarif\/\" target=\"_blank\" rel=\"noreferrer noopener\">Art Nouveau<\/a>. K\u0131vr\u0131ml\u0131 \u00e7izgiler, bitki motifleri, cam ve demirin zarif kullan\u0131m\u0131 bu ak\u0131m\u0131n imzas\u0131yd\u0131. Art Nouveau, sanat\u0131 g\u00fcnl\u00fck ya\u015fam\u0131n her alan\u0131na ta\u015f\u0131may\u0131 ama\u00e7l\u0131yordu; bu y\u00fczden yaln\u0131zca cephelerde de\u011fil, mobilyadan kap\u0131 kollar\u0131na kadar her detayda kendini g\u00f6sterdi. Bel\u00e7ika\u2019da Victor Horta\u2019n\u0131n tasarlad\u0131\u011f\u0131 evler, bu \u00fcslubun en zarif \u00f6rnekleri aras\u0131ndad\u0131r.<\/p>\n\n\n\n<h3 class=\"wp-block-heading\" id=\"viktorya-donemi\"><strong>Viktorya D\u00f6nemi<\/strong><\/h3>\n\n\n\n<p>Sanayi devriminin kalbi \u0130ngiltere\u2019de atarken, Viktorya d\u00f6nemi mimarl\u0131\u011f\u0131 ge\u00e7mi\u015fin romantizmini modern yap\u0131m teknikleriyle birle\u015ftirdi. K\u0131rm\u0131z\u0131 tu\u011fla cepheler, gotik esintili pencereler, s\u00fcsl\u00fc ah\u015fap i\u015f\u00e7ili\u011fi ve geni\u015f \u00e7at\u0131 pencereleri bu d\u00f6nemin karakteristik unsurlar\u0131yd\u0131. Bu tarz, \u00f6zellikle konut mimarisinde \u00e7ok pop\u00fcler oldu. Viktorya evleri, hem s\u0131cak hem de detaylarla dolu bir g\u00f6r\u00fcn\u00fcme sahipti.<\/p>\n\n\n\n<h2 class=\"wp-block-heading\" id=\"20-yuzyil-mimari-akimlari-ve-modernizm\"><strong>20. Y\u00fczy\u0131l Mimari Ak\u0131mlar\u0131 ve Modernizm<\/strong><\/h2>\n\n\n\n<figure class=\"wp-block-image size-large\"><img loading=\"lazy\" decoding=\"async\" width=\"1024\" height=\"532\" src=\"https:\/\/ivasanat.com\/blog\/wp-content\/uploads\/2025\/08\/mimari-akimlar-4-1024x532.jpg\" alt=\"\" class=\"wp-image-3093\" title=\"\" srcset=\"https:\/\/ivasanat.com\/blog\/wp-content\/uploads\/2025\/08\/mimari-akimlar-4-1024x532.jpg 1024w, https:\/\/ivasanat.com\/blog\/wp-content\/uploads\/2025\/08\/mimari-akimlar-4-300x156.jpg 300w, https:\/\/ivasanat.com\/blog\/wp-content\/uploads\/2025\/08\/mimari-akimlar-4-768x399.jpg 768w, https:\/\/ivasanat.com\/blog\/wp-content\/uploads\/2025\/08\/mimari-akimlar-4-1536x798.jpg 1536w, https:\/\/ivasanat.com\/blog\/wp-content\/uploads\/2025\/08\/mimari-akimlar-4-18x9.jpg 18w, https:\/\/ivasanat.com\/blog\/wp-content\/uploads\/2025\/08\/mimari-akimlar-4.jpg 1920w\" sizes=\"auto, (max-width: 1024px) 100vw, 1024px\" \/><\/figure>\n\n\n\n<h3 class=\"wp-block-heading\" id=\"bauhaus\"><strong>Bauhaus<\/strong><\/h3>\n\n\n\n<p>1919\u2019da Almanya\u2019da Walter Gropius taraf\u0131ndan kurulan <a href=\"https:\/\/ivasanat.com\/blog\/bauhaus-akimi-nedir-modern-tasarimin-dogusu\/\" target=\"_blank\" rel=\"noreferrer noopener\">Bauhaus<\/a> okulu, mimarl\u0131k ve tasar\u0131m d\u00fcnyas\u0131na \u201cform, i\u015flevi takip eder\u201d anlay\u0131\u015f\u0131n\u0131 kazand\u0131rd\u0131. Sadelik, fonksiyonellik ve end\u00fcstriyel malzemelerin kullan\u0131m\u0131 bu ak\u0131m\u0131n temeliydi. Beton, \u00e7elik ve cam bir arada, gereksiz s\u00fcslemelerden tamamen ar\u0131nm\u0131\u015f \u015fekilde kullan\u0131ld\u0131. Bauhaus yaln\u0131zca bir mimari ak\u0131mlardan biri de\u011fil, ayn\u0131 zamanda mobilyadan tipografiye kadar t\u00fcm tasar\u0131m alanlar\u0131na yay\u0131lan bir felsefeydi. Dessau\u2019daki Bauhaus binas\u0131, bu anlay\u0131\u015f\u0131n ikonik bir simgesidir.<\/p>\n\n\n\n<h3 class=\"wp-block-heading\" id=\"de-stijl\"><strong>De Stijl<\/strong><\/h3>\n\n\n\n<p>Hollanda\u2019da ortaya \u00e7\u0131kan bu ak\u0131m, soyut sanattan ilham alarak mimarl\u0131\u011fa geometrik formlar ve s\u0131n\u0131rl\u0131 renk paleti (k\u0131rm\u0131z\u0131, sar\u0131, mavi, siyah, beyaz) getirdi. Piet Mondrian\u2019\u0131n resimlerindeki d\u00fczen anlay\u0131\u015f\u0131, binalar\u0131n planlar\u0131na ve cephelerine ta\u015f\u0131nd\u0131. Gerrit Rietveld\u2019in Schr\u00f6der Evi, De Stijl\u2019in \u00fc\u00e7 boyutlu manifestosu gibidir.<\/p>\n\n\n\n<h3 class=\"wp-block-heading\" id=\"uluslararasi-stil\"><strong>Uluslararas\u0131 Stil<\/strong><\/h3>\n\n\n\n<p>1920\u2019ler ve 30\u2019larda geli\u015fen Uluslararas\u0131 Stil, modernizmin k\u00fcresel y\u00fcz\u00fc haline geldi. Yass\u0131 \u00e7at\u0131lar, geni\u015f cam y\u00fczeyler, sade geometrik formlar ve a\u00e7\u0131k plan d\u00fczenleriyle tan\u0131nd\u0131. Le Corbusier, Ludwig Mies van der Rohe ve Philip Johnson gibi mimarlar, bu tarz\u0131 d\u00fcnyan\u0131n d\u00f6rt bir yan\u0131na ta\u015f\u0131d\u0131. \u201cLess is more\u201d (Az \u00e7oktur) mottosu, bu d\u00f6nemin en net ifadesiydi.<\/p>\n\n\n\n<h3 class=\"wp-block-heading\" id=\"brutalizm\"><strong>Brutalizm<\/strong><\/h3>\n\n\n\n<p>\u0130kinci D\u00fcnya Sava\u015f\u0131 sonras\u0131 d\u00f6nemde ortaya \u00e7\u0131kan Brutalizm, ad\u0131n\u0131 Frans\u0131zca \u201cb\u00e9ton brut\u201d (ham beton) ifadesinden al\u0131r. Kaba, ham beton y\u00fczeyler, masif ve an\u0131tsal g\u00f6r\u00fcn\u00fcmler bu tarz\u0131n belirgin \u00f6zellikleriydi. \u00dcniversiteler, k\u00fct\u00fcphaneler ve kamu binalar\u0131nda s\u0131k\u00e7a kullan\u0131ld\u0131. Estetikten \u00e7ok i\u015flevsellik \u00f6n plandayd\u0131, ancak bu sert g\u00f6r\u00fcn\u00fcm zamanla bir\u00e7ok ki\u015fi taraf\u0131ndan so\u011fuk ve itici bulundu.<\/p>\n\n\n\n<h2 class=\"wp-block-heading\" id=\"postmodernizm-ve-cagdas-mimari-akimlar\"><strong>Postmodernizm ve \u00c7a\u011fda\u015f Mimari Ak\u0131mlar<\/strong><\/h2>\n\n\n\n<h3 class=\"wp-block-heading\" id=\"postmodern-mimarlik\"><strong>Postmodern Mimarl\u0131k<\/strong><\/h3>\n\n\n\n<figure class=\"wp-block-image size-large\"><img loading=\"lazy\" decoding=\"async\" width=\"1024\" height=\"800\" src=\"https:\/\/ivasanat.com\/blog\/wp-content\/uploads\/2025\/08\/mimari-akimlar-3-1024x800.jpg\" alt=\"\" class=\"wp-image-3099\" title=\"\" srcset=\"https:\/\/ivasanat.com\/blog\/wp-content\/uploads\/2025\/08\/mimari-akimlar-3-1024x800.jpg 1024w, https:\/\/ivasanat.com\/blog\/wp-content\/uploads\/2025\/08\/mimari-akimlar-3-300x234.jpg 300w, https:\/\/ivasanat.com\/blog\/wp-content\/uploads\/2025\/08\/mimari-akimlar-3-768x600.jpg 768w, https:\/\/ivasanat.com\/blog\/wp-content\/uploads\/2025\/08\/mimari-akimlar-3-1536x1200.jpg 1536w, https:\/\/ivasanat.com\/blog\/wp-content\/uploads\/2025\/08\/mimari-akimlar-3-15x12.jpg 15w, https:\/\/ivasanat.com\/blog\/wp-content\/uploads\/2025\/08\/mimari-akimlar-3.jpg 1920w\" sizes=\"auto, (max-width: 1024px) 100vw, 1024px\" \/><\/figure>\n\n\n\n<p>1970\u2019lerden itibaren modernizmin kat\u0131 kurallar\u0131na bir tepki olarak do\u011fan postmodernizm, mimarl\u0131k ak\u0131mlar\u0131na yeniden espri, ironi ve tarihsel referans katt\u0131. Modernizmin sade, s\u00fcss\u00fcz cepheleri yerini renkli, karma\u015f\u0131k ve bazen bilin\u00e7li olarak \u201cabart\u0131l\u0131\u201d tasar\u0131mlara b\u0131rakt\u0131. Farkl\u0131 d\u00f6nemlerden al\u0131nan mimari unsurlar tek yap\u0131da bulu\u015fturuldu. Michael Graves\u2019in Portland Binas\u0131 veya Philip Johnson\u2019\u0131n AT&amp;T Binas\u0131, bu eklektik ve oyunbaz tavr\u0131n iyi \u00f6rneklerindendir. Postmodern mimarl\u0131k, \u201cciddiyet\u201d yerine g\u00f6rsel \u00e7e\u015fitlilik ve ifade \u00f6zg\u00fcrl\u00fc\u011f\u00fcn\u00fc benimsedi.<\/p>\n\n\n\n<h3 class=\"wp-block-heading\" id=\"yuksek-teknoloji-high-tech-mimarligi\"><strong>Y\u00fcksek Teknoloji (High-Tech) Mimarl\u0131\u011f\u0131<\/strong><\/h3>\n\n\n\n<figure class=\"wp-block-image size-full\"><img loading=\"lazy\" decoding=\"async\" width=\"1000\" height=\"667\" src=\"https:\/\/ivasanat.com\/blog\/wp-content\/uploads\/2025\/08\/mimari-akimlar-9.jpg\" alt=\"\" class=\"wp-image-3100\" title=\"\" srcset=\"https:\/\/ivasanat.com\/blog\/wp-content\/uploads\/2025\/08\/mimari-akimlar-9.jpg 1000w, https:\/\/ivasanat.com\/blog\/wp-content\/uploads\/2025\/08\/mimari-akimlar-9-300x200.jpg 300w, https:\/\/ivasanat.com\/blog\/wp-content\/uploads\/2025\/08\/mimari-akimlar-9-768x512.jpg 768w, https:\/\/ivasanat.com\/blog\/wp-content\/uploads\/2025\/08\/mimari-akimlar-9-18x12.jpg 18w\" sizes=\"auto, (max-width: 1000px) 100vw, 1000px\" \/><\/figure>\n\n\n\n<p>1970\u2019ler ve 80\u2019lerde geli\u015fen bu ak\u0131m, teknolojiyi estetik bir unsur olarak \u00f6ne \u00e7\u0131kard\u0131. \u00c7elik iskeletler, cam cepheler, g\u00f6r\u00fcn\u00fcr tesisatlar ve mod\u00fcler yap\u0131lar bu anlay\u0131\u015f\u0131n temelini olu\u015fturdu. Richard Rogers\u2019\u0131n Lloyd\u2019s Binas\u0131 veya Norman Foster\u2019\u0131n HSBC Binas\u0131, adeta m\u00fchendislik ile mimarl\u0131\u011f\u0131n birle\u015fimini sergileyen yap\u0131lar oldu. Burada teknoloji yaln\u0131zca ara\u00e7 de\u011fil, ayn\u0131 zamanda tasar\u0131m\u0131n kendisiydi.<\/p>\n\n\n\n<h3 class=\"wp-block-heading\" id=\"surdurulebilir-ve-yesil-mimari\"><strong>S\u00fcrd\u00fcr\u00fclebilir ve Ye\u015fil Mimari<\/strong><\/h3>\n\n\n\n<figure class=\"wp-block-image size-large\"><img loading=\"lazy\" decoding=\"async\" width=\"1024\" height=\"683\" src=\"https:\/\/ivasanat.com\/blog\/wp-content\/uploads\/2025\/08\/mimari-akimlar-1024x683.jpg\" alt=\"\" class=\"wp-image-3092\" title=\"\" srcset=\"https:\/\/ivasanat.com\/blog\/wp-content\/uploads\/2025\/08\/mimari-akimlar-1024x683.jpg 1024w, https:\/\/ivasanat.com\/blog\/wp-content\/uploads\/2025\/08\/mimari-akimlar-300x200.jpg 300w, https:\/\/ivasanat.com\/blog\/wp-content\/uploads\/2025\/08\/mimari-akimlar-768x512.jpg 768w, https:\/\/ivasanat.com\/blog\/wp-content\/uploads\/2025\/08\/mimari-akimlar-1536x1024.jpg 1536w, https:\/\/ivasanat.com\/blog\/wp-content\/uploads\/2025\/08\/mimari-akimlar-2048x1365.jpg 2048w, https:\/\/ivasanat.com\/blog\/wp-content\/uploads\/2025\/08\/mimari-akimlar-18x12.jpg 18w\" sizes=\"auto, (max-width: 1024px) 100vw, 1024px\" \/><\/figure>\n\n\n\n<p>2000\u2019lerle birlikte mimari ak\u0131mlar, iklim krizi ve \u00e7evre bilincinin etkisiyle yeni bir y\u00f6n kazand\u0131. Geri d\u00f6n\u00fc\u015ft\u00fcr\u00fclebilir malzemeler, enerji verimli tasar\u0131mlar, ya\u011fmur suyu toplama sistemleri ve ye\u015fil \u00e7at\u0131lar, \u00e7a\u011fda\u015f mimarinin temel \u00f6\u011felerinden biri haline geldi. Singapur\u2019daki Marina One veya Milano\u2019daki Bosco Verticale (Dikey Orman) gibi projeler, kentsel ya\u015famla do\u011fay\u0131 yeniden bulu\u015fturmay\u0131 hedefliyor.<\/p>\n\n\n\n<h3 class=\"wp-block-heading\" id=\"parametrik-tasarim\"><strong>Parametrik Tasar\u0131m<\/strong><\/h3>\n\n\n\n<p>Son y\u0131llarda bilgisayar destekli tasar\u0131m\u0131n geli\u015fmesiyle ortaya \u00e7\u0131kan parametrik mimarl\u0131k, organik formlar ve ak\u0131\u015fkan y\u00fczeylerle dikkat \u00e7ekiyor. Zaha Hadid gibi mimarlar, yap\u0131lar\u0131 adeta ya\u015fayan organizmalar gibi tasarlayarak mek\u00e2n alg\u0131s\u0131n\u0131 tamamen de\u011fi\u015ftiriyor. Bu anlay\u0131\u015f, gelece\u011fin mimari ak\u0131mlar\u0131na y\u00f6n verecek en \u00f6nemli hamlelerden biri olarak g\u00f6r\u00fcl\u00fcyor.<\/p>\n","protected":false},"excerpt":{"rendered":"<p>Mimari ak\u0131mlar, insanl\u0131k tarihinin sessiz ama en etkileyici hik\u00e2ye anlat\u0131c\u0131lar\u0131d\u0131r. Antik M\u0131s\u0131r\u2019\u0131n an\u0131tsal piramitlerinden R\u00f6nesans\u2019\u0131n zarif kubbelerine, sanayi devriminin demir ve camdan k\u00f6pr\u00fclerinden g\u00fcn\u00fcm\u00fcz\u00fcn s\u00fcrd\u00fcr\u00fclebilir g\u00f6kdelenlerine kadar her mimari ak\u0131m, kendi d\u00f6neminin k\u00fclt\u00fcrel, teknolojik ve estetik anlay\u0131\u015f\u0131n\u0131 yans\u0131t\u0131r. Ge\u00e7mi\u015ften g\u00fcn\u00fcm\u00fcze mimarl\u0131k tarihine y\u00f6n veren ba\u015fl\u0131ca ak\u0131mlar\u0131, ortaya \u00e7\u0131kt\u0131klar\u0131 ko\u015fullar\u0131 ve d\u00fcnyaya b\u0131rakt\u0131klar\u0131 izleri ke\u015ffetmek, insanl\u0131k [&hellip;]<\/p>\n","protected":false},"author":7,"featured_media":3102,"comment_status":"open","ping_status":"open","sticky":false,"template":"","format":"standard","meta":{"_gspb_post_css":"","footnotes":""},"categories":[2,44,46],"tags":[],"class_list":["post-3091","post","type-post","status-publish","format-standard","has-post-thumbnail","hentry","category-sanat-tarihi","category-kultur-rotasi","category-panorama-sanat"],"blocksy_meta":[],"_links":{"self":[{"href":"https:\/\/ivasanat.com\/blog\/wp-json\/wp\/v2\/posts\/3091","targetHints":{"allow":["GET"]}}],"collection":[{"href":"https:\/\/ivasanat.com\/blog\/wp-json\/wp\/v2\/posts"}],"about":[{"href":"https:\/\/ivasanat.com\/blog\/wp-json\/wp\/v2\/types\/post"}],"author":[{"embeddable":true,"href":"https:\/\/ivasanat.com\/blog\/wp-json\/wp\/v2\/users\/7"}],"replies":[{"embeddable":true,"href":"https:\/\/ivasanat.com\/blog\/wp-json\/wp\/v2\/comments?post=3091"}],"version-history":[{"count":1,"href":"https:\/\/ivasanat.com\/blog\/wp-json\/wp\/v2\/posts\/3091\/revisions"}],"predecessor-version":[{"id":3103,"href":"https:\/\/ivasanat.com\/blog\/wp-json\/wp\/v2\/posts\/3091\/revisions\/3103"}],"wp:featuredmedia":[{"embeddable":true,"href":"https:\/\/ivasanat.com\/blog\/wp-json\/wp\/v2\/media\/3102"}],"wp:attachment":[{"href":"https:\/\/ivasanat.com\/blog\/wp-json\/wp\/v2\/media?parent=3091"}],"wp:term":[{"taxonomy":"category","embeddable":true,"href":"https:\/\/ivasanat.com\/blog\/wp-json\/wp\/v2\/categories?post=3091"},{"taxonomy":"post_tag","embeddable":true,"href":"https:\/\/ivasanat.com\/blog\/wp-json\/wp\/v2\/tags?post=3091"}],"curies":[{"name":"wp","href":"https:\/\/api.w.org\/{rel}","templated":true}]}}