{"id":2470,"date":"2025-02-23T13:23:43","date_gmt":"2025-02-23T10:23:43","guid":{"rendered":"https:\/\/ivasanat.com\/blog\/?p=2470"},"modified":"2026-04-28T12:52:47","modified_gmt":"2026-04-28T09:52:47","slug":"2025-kulturel-duraklar","status":"publish","type":"post","link":"https:\/\/ivasanat.com\/blog\/2025-kulturel-duraklar\/","title":{"rendered":"Seyahat ve Sanat: 2025&#8217;te En \u0130yi K\u00fclt\u00fcrel Duraklar"},"content":{"rendered":"\n<div class=\"wp-block-rank-math-toc-block\" id=\"rank-math-toc\"><nav><ul><li class=\"\"><a href=\"#2025-in-en-onemli-kulturel-duraklari\">2025\u2019in En \u00d6nemli K\u00fclt\u00fcrel Duraklar\u0131<\/a><ul><li class=\"\"><a href=\"#venedik-mimarlik-bienali-10-mayis-23-kasim-venedik-italya\">Venedik Mimarl\u0131k Bienali: 10 May\u0131s &#8211; 23 Kas\u0131m, Venedik, \u0130talya<\/a><\/li><li class=\"\"><a href=\"#art-basel-19-22-haziran-basel-isvicre\">Art Basel: 19-22 Haziran, Basel, \u0130svi\u00e7re<\/a><\/li><li class=\"\"><a href=\"#frieze-sanat-fuari-15-19-ekim-londra-ingiltere\">Frieze Sanat Fuar\u0131: 15-19 Ekim, Londra, \u0130ngiltere<\/a><\/li><li class=\"\"><a href=\"#amsterdam-in-750-kurulus-yildonumu-kutlamalari-yil-boyu-amsterdam-hollanda\">Amsterdam&#8217;\u0131n 750. Kurulu\u015f Y\u0131ld\u00f6n\u00fcm\u00fc Kutlamalar\u0131: Y\u0131l boyu, Amsterdam, Hollanda<\/a><\/li><li class=\"\"><a href=\"#osaka-dunya-fuari-expo-13-nisan-13-ekim-osaka-japonya\">Osaka D\u00fcnya Fuar\u0131 (Expo): 13 Nisan &#8211; 13 Ekim, Osaka, Japonya<\/a><\/li><li class=\"\"><a href=\"#edinburgh-festivali-agustos-edinburgh-iskocya\">Edinburgh Festivali: A\u011fustos, Edinburgh, \u0130sko\u00e7ya<\/a><\/li><li class=\"\"><a href=\"#hawaii-triennial-8-subat-18-mayis-honolulu-hawaii-abd\">Hawaii Triennial: 8 \u015eubat &#8211; 18 May\u0131s, Honolulu, Hawaii, ABD<\/a><\/li><li class=\"\"><a href=\"#sail-amsterdam-12-16-agustos-amsterdam-hollanda\">Sail Amsterdam: 12-16 A\u011fustos, Amsterdam, Hollanda<\/a><\/li><li class=\"\"><a href=\"#biennale-danza-temmuz-agustos-venedik-italya\">Biennale Danza: Temmuz-A\u011fustos, Venedik, \u0130talya<\/a><\/li><\/ul><\/li><\/ul><\/nav><\/div>\n\n\n\n<h2 class=\"wp-block-heading\" id=\"2025-in-en-onemli-kulturel-duraklari\">2025\u2019in En \u00d6nemli K\u00fclt\u00fcrel Duraklar\u0131<\/h2>\n\n\n\n<p><strong>2025 sanat etkinlikleri<\/strong> ve mimari d\u00fcnyas\u0131nda \u00f6nemli etkinliklere ev sahipli\u011fi yaparak k\u00fclt\u00fcrel takvimde unutulmaz izler b\u0131rakmas\u0131 planlanan y\u0131llardand\u0131r. Avrupa\u2019n\u0131n farkl\u0131 \u015fehirlerinde d\u00fczenlenecek bu etkinlikler, sanatseverleri ve yarat\u0131c\u0131 end\u00fcstrinin profesyonellerini bir araya getirerek k\u00fcresel \u00f6l\u00e7ekte ilham verici bulu\u015fmalara sahne olmaktad\u0131r. Dolay\u0131s\u0131yla <a href=\"https:\/\/ivasanat.com\/\">IVA Sanat<\/a> olarak <strong>2025 k\u00fclt\u00fcr duraklar\u0131<\/strong> hakk\u0131nda yazm\u0131\u015f oldu\u011fumuz bu yaz\u0131da, <strong>sanat etkinlikleri 2025 tarihleri<\/strong> ve detaylar\u0131 hakk\u0131nda bilgi sa\u011flamay\u0131 ama\u00e7lamaktay\u0131z.\u00a0<\/p>\n\n\n\n<h3 class=\"wp-block-heading\" id=\"venedik-mimarlik-bienali-10-mayis-23-kasim-venedik-italya\">Venedik Mimarl\u0131k Bienali: 10 May\u0131s &#8211; 23 Kas\u0131m, Venedik, \u0130talya<\/h3>\n\n\n\n<figure class=\"wp-block-image size-large\"><img loading=\"lazy\" decoding=\"async\" width=\"1024\" height=\"683\" src=\"https:\/\/ivasanat.com\/blog\/wp-content\/uploads\/2025\/02\/venedik-mimarlik-binaeli-1024x683.webp\" alt=\"\" class=\"wp-image-2471\" title=\"\" srcset=\"https:\/\/ivasanat.com\/blog\/wp-content\/uploads\/2025\/02\/venedik-mimarlik-binaeli-1024x683.webp 1024w, https:\/\/ivasanat.com\/blog\/wp-content\/uploads\/2025\/02\/venedik-mimarlik-binaeli-300x200.webp 300w, https:\/\/ivasanat.com\/blog\/wp-content\/uploads\/2025\/02\/venedik-mimarlik-binaeli-768x512.webp 768w, https:\/\/ivasanat.com\/blog\/wp-content\/uploads\/2025\/02\/venedik-mimarlik-binaeli-1536x1024.webp 1536w, https:\/\/ivasanat.com\/blog\/wp-content\/uploads\/2025\/02\/venedik-mimarlik-binaeli-2048x1365.webp 2048w, https:\/\/ivasanat.com\/blog\/wp-content\/uploads\/2025\/02\/venedik-mimarlik-binaeli-18x12.webp 18w\" sizes=\"auto, (max-width: 1024px) 100vw, 1024px\" \/><\/figure>\n\n\n\n<p>Venedik, tarih boyunca sanat ve mimarl\u0131k alan\u0131nda \u00f6nc\u00fc bir rol \u00fcstlenmi\u015f bir \u015fehir olarak 2025 y\u0131l\u0131nda da bu misyonunu s\u00fcrd\u00fcrmektedir. Venedik Mimarl\u0131k Bienali, 10 May\u0131s &#8211; 23 Kas\u0131m tarihleri aras\u0131nda d\u00fcnyan\u0131n d\u00f6rt bir yan\u0131ndan gelen mimarlar\u0131 ve tasar\u0131mc\u0131lar\u0131 a\u011f\u0131rlayarak \u00e7a\u011fda\u015f mimarinin en \u00f6nemli tart\u0131\u015fma alanlar\u0131ndan biri olacakt\u0131r. Bienal, her y\u0131l belirlenen temas\u0131 do\u011frultusunda yenilik\u00e7i projelere ev sahipli\u011fi yaparken, ayn\u0131 zamanda mimarl\u0131k disiplininin toplumsal, \u00e7evresel ve teknolojik boyutlar\u0131n\u0131 da ele almaktad\u0131r. Kanallar\u0131n aras\u0131na kurulan sergi alanlar\u0131, bienali ziyaret edenleri hem estetik hem de entelekt\u00fcel a\u00e7\u0131dan tatmin edici bir yolculu\u011fa \u00e7\u0131karmaktad\u0131r.<\/p>\n\n\n\n<p>\u0130lginizi \u00e7ekebilir: <strong><a href=\"https:\/\/ivasanat.com\/blog\/en-guzel-opera-binalari\/\">D\u00fcnyan\u0131n En G\u00fczel Opera Binalar\u0131: Mimari ve Sanat\u0131n Bulu\u015ftu\u011fu Mek\u00e2nlar<\/a><\/strong><\/p>\n\n\n\n<h3 class=\"wp-block-heading\" id=\"art-basel-19-22-haziran-basel-isvicre\">Art Basel: 19-22 Haziran, Basel, \u0130svi\u00e7re<\/h3>\n\n\n\n<figure class=\"wp-block-image size-large\"><img loading=\"lazy\" decoding=\"async\" width=\"1024\" height=\"709\" src=\"https:\/\/ivasanat.com\/blog\/wp-content\/uploads\/2025\/02\/artbasel-1024x709.webp\" alt=\"\" class=\"wp-image-2472\" title=\"\" srcset=\"https:\/\/ivasanat.com\/blog\/wp-content\/uploads\/2025\/02\/artbasel-1024x709.webp 1024w, https:\/\/ivasanat.com\/blog\/wp-content\/uploads\/2025\/02\/artbasel-300x208.webp 300w, https:\/\/ivasanat.com\/blog\/wp-content\/uploads\/2025\/02\/artbasel-768x532.webp 768w, https:\/\/ivasanat.com\/blog\/wp-content\/uploads\/2025\/02\/artbasel-1536x1064.webp 1536w, https:\/\/ivasanat.com\/blog\/wp-content\/uploads\/2025\/02\/artbasel-2048x1419.webp 2048w, https:\/\/ivasanat.com\/blog\/wp-content\/uploads\/2025\/02\/artbasel-18x12.webp 18w\" sizes=\"auto, (max-width: 1024px) 100vw, 1024px\" \/><\/figure>\n\n\n\n<p>Haziran ay\u0131nda \u0130svi\u00e7re\u2019nin sanat merkezi haline gelen Basel, d\u00fcnya \u00e7ap\u0131nda sanat koleksiyoncular\u0131n\u0131n ve merakl\u0131lar\u0131n\u0131n ak\u0131n etti\u011fi bir etkinli\u011fe ev sahipli\u011fi yapmaktad\u0131r. Art Basel, 19-22 Haziran tarihleri aras\u0131nda d\u00fczenlenecek ve modern ile \u00e7a\u011fda\u015f sanat\u0131n en se\u00e7kin eserlerini sanat d\u00fcnyas\u0131yla bulu\u015fturacak bir etkinliktir. Resim, heykel, foto\u011fraf, video sanat\u0131 ve dijital medyay\u0131 i\u00e7eren geni\u015f bir yelpazeye sahip olan fuar, sanat piyasas\u0131n\u0131n dinamiklerini belirleyen \u00f6nemli bir etkinlik olarak da kabul edilmektedir. \u00d6nde gelen galerilerin kat\u0131l\u0131m\u0131yla ger\u00e7ekle\u015fecek olan Art Basel, sanat yat\u0131r\u0131mlar\u0131 a\u00e7\u0131s\u0131ndan da b\u00fcy\u00fck f\u0131rsatlar sunmaya devam etmektedir.<\/p>\n\n\n\n<p>\u0130lginizi \u00e7ekebilir: <a href=\"https:\/\/ivasanat.com\/blog\/2025-sanat-sergileri\/\"><strong>2025 Y\u0131l\u0131nda Mutlaka G\u00f6rmeniz Gereken En \u0130yi Sanat Sergileri<\/strong><\/a><\/p>\n\n\n\n<h3 class=\"wp-block-heading\" id=\"frieze-sanat-fuari-15-19-ekim-londra-ingiltere\">Frieze Sanat Fuar\u0131: 15-19 Ekim, Londra, \u0130ngiltere<\/h3>\n\n\n\n<figure class=\"wp-block-image size-large\"><img loading=\"lazy\" decoding=\"async\" width=\"1024\" height=\"684\" src=\"https:\/\/ivasanat.com\/blog\/wp-content\/uploads\/2025\/02\/frieze-1024x684.jpg\" alt=\"\" class=\"wp-image-2473\" title=\"\" srcset=\"https:\/\/ivasanat.com\/blog\/wp-content\/uploads\/2025\/02\/frieze-1024x684.jpg 1024w, https:\/\/ivasanat.com\/blog\/wp-content\/uploads\/2025\/02\/frieze-300x200.jpg 300w, https:\/\/ivasanat.com\/blog\/wp-content\/uploads\/2025\/02\/frieze-768x513.jpg 768w, https:\/\/ivasanat.com\/blog\/wp-content\/uploads\/2025\/02\/frieze-1536x1026.jpg 1536w, https:\/\/ivasanat.com\/blog\/wp-content\/uploads\/2025\/02\/frieze-18x12.jpg 18w, https:\/\/ivasanat.com\/blog\/wp-content\/uploads\/2025\/02\/frieze.jpg 1600w\" sizes=\"auto, (max-width: 1024px) 100vw, 1024px\" \/><\/figure>\n\n\n\n<p>Londra, Frieze fuar\u0131 ile gelecek ekim ay\u0131nda da \u00e7a\u011fda\u015f sanat\u0131n en \u00f6nemli bulu\u015fmalar\u0131ndan birine ev sahipli\u011fi yapacakt\u0131r. Frieze Sanat Fuar\u0131\u2019n\u0131n, 15-19 Ekim tarihleri aras\u0131nda Regent\u2019s Park\u2019ta kurulaca\u011f\u0131 ve sanat d\u00fcnyas\u0131n\u0131n en prestijli isimlerini bir araya getirece\u011fi bilinmektedir. Fuar, geleneksel sanat pazar\u0131n\u0131n yan\u0131 s\u0131ra deneysel ve yenilik\u00e7i \u00e7al\u0131\u015fmalara da alan a\u00e7arak, sanat\u0131n farkl\u0131 y\u00f6nlerini ke\u015ffetmek isteyenler i\u00e7in ilgi \u00e7ekici bir platform sunmaktad\u0131r. Ayr\u0131ca, Londra\u2019n\u0131n k\u00fclt\u00fcrel sahnesine dinamizm katan Frieze, koleksiyoncular\u0131n, k\u00fcrat\u00f6rlerin ve sanat\u00e7\u0131lar\u0131n bulu\u015fma noktas\u0131 haline gelerek sanat d\u00fcnyas\u0131n\u0131n gelece\u011fini \u015fekillendiren tart\u0131\u015fmalara da zemin haz\u0131rlamaktad\u0131r.\u00a0<\/p>\n\n\n\n<p>\u0130lginizi \u00e7ekebilir: <strong><a href=\"https:\/\/ivasanat.com\/blog\/dunyanin-en-iyi-muzik-festivali\/\">M\u00fczi\u011fin Kalbinin Att\u0131\u011f\u0131 D\u00fcnyan\u0131n En \u0130yi 13 M\u00fczik Festivali<\/a><\/strong><\/p>\n\n\n\n<h3 class=\"wp-block-heading\" id=\"amsterdam-in-750-kurulus-yildonumu-kutlamalari-yil-boyu-amsterdam-hollanda\">Amsterdam&#8217;\u0131n 750. Kurulu\u015f Y\u0131ld\u00f6n\u00fcm\u00fc Kutlamalar\u0131: Y\u0131l boyu, Amsterdam, Hollanda<\/h3>\n\n\n\n<figure class=\"wp-block-image size-large\"><img loading=\"lazy\" decoding=\"async\" width=\"1024\" height=\"576\" src=\"https:\/\/ivasanat.com\/blog\/wp-content\/uploads\/2025\/02\/amsterdam-750-1024x576.png\" alt=\"\" class=\"wp-image-2474\" title=\"\" srcset=\"https:\/\/ivasanat.com\/blog\/wp-content\/uploads\/2025\/02\/amsterdam-750-1024x576.png 1024w, https:\/\/ivasanat.com\/blog\/wp-content\/uploads\/2025\/02\/amsterdam-750-300x169.png 300w, https:\/\/ivasanat.com\/blog\/wp-content\/uploads\/2025\/02\/amsterdam-750-768x432.png 768w, https:\/\/ivasanat.com\/blog\/wp-content\/uploads\/2025\/02\/amsterdam-750-18x10.png 18w, https:\/\/ivasanat.com\/blog\/wp-content\/uploads\/2025\/02\/amsterdam-750.png 1200w\" sizes=\"auto, (max-width: 1024px) 100vw, 1024px\" \/><\/figure>\n\n\n\n<p>2025 y\u0131l\u0131, ayn\u0131 zamanda Avrupa\u2019n\u0131n en karakteristik \u015fehirlerinden birinin tarihi d\u00f6n\u00fcm noktalar\u0131ndan birine de sahne olacak. Amsterdam\u2019\u0131n 750. Kurulu\u015f Y\u0131ld\u00f6n\u00fcm\u00fc, y\u0131l boyunca s\u00fcrecek kutlamalarla \u015fehri adeta bir a\u00e7\u0131k hava festivaline d\u00f6n\u00fc\u015ft\u00fcrecektir. \u015eehrin kurulu\u015funun 1275 y\u0131l\u0131na dayand\u0131\u011f\u0131 d\u00fc\u015f\u00fcn\u00fcld\u00fc\u011f\u00fcnde, bu d\u00f6n\u00fcm noktas\u0131 yaln\u0131zca bir kutlama de\u011fil, ayn\u0131 zamanda Amsterdam\u2019\u0131n zengin ge\u00e7mi\u015fine dair bir ke\u015fif yolculu\u011fu olma \u00f6zelli\u011fi de ta\u015f\u0131maktad\u0131r. M\u00fczeler, konserler, sergiler ve sokak festivalleriyle renklenecek olan bu etkinlikler, Amsterdam\u2019\u0131n tarihini, sanat\u0131n\u0131 ve k\u00fclt\u00fcrel miras\u0131n\u0131 en iyi \u015fekilde yans\u0131tmay\u0131 ama\u00e7lamaktad\u0131r.<\/p>\n\n\n\n<h3 class=\"wp-block-heading\" id=\"osaka-dunya-fuari-expo-13-nisan-13-ekim-osaka-japonya\">Osaka D\u00fcnya Fuar\u0131 (Expo): 13 Nisan &#8211; 13 Ekim, Osaka, Japonya<\/h3>\n\n\n\n<figure class=\"wp-block-image size-large\"><img loading=\"lazy\" decoding=\"async\" width=\"1024\" height=\"768\" src=\"https:\/\/ivasanat.com\/blog\/wp-content\/uploads\/2025\/02\/osaka-expo-1024x768.jpg\" alt=\"\" class=\"wp-image-2475\" title=\"\" srcset=\"https:\/\/ivasanat.com\/blog\/wp-content\/uploads\/2025\/02\/osaka-expo-1024x768.jpg 1024w, https:\/\/ivasanat.com\/blog\/wp-content\/uploads\/2025\/02\/osaka-expo-300x225.jpg 300w, https:\/\/ivasanat.com\/blog\/wp-content\/uploads\/2025\/02\/osaka-expo-768x576.jpg 768w, https:\/\/ivasanat.com\/blog\/wp-content\/uploads\/2025\/02\/osaka-expo-16x12.jpg 16w, https:\/\/ivasanat.com\/blog\/wp-content\/uploads\/2025\/02\/osaka-expo.jpg 1200w\" sizes=\"auto, (max-width: 1024px) 100vw, 1024px\" \/><\/figure>\n\n\n\n<p>Japonya, 2025 y\u0131l\u0131nda d\u00fcnya \u00e7ap\u0131nda yank\u0131 uyand\u0131racak bir etkinli\u011fe ev sahipli\u011fi yaparak uluslararas\u0131 inovasyon ve k\u00fclt\u00fcrel payla\u015f\u0131m\u0131n merkezi haline gelmektedir. Osaka D\u00fcnya Fuar\u0131 (Expo), 13 Nisan &#8211; 13 Ekim tarihleri aras\u0131nda, \u201cHayat i\u00e7in Gelecek Toplumu\u201d temas\u0131yla d\u00fczenlenecek ve bu etkinlik, s\u00fcrd\u00fcr\u00fclebilirlik, sa\u011fl\u0131k teknolojileri ve dijital d\u00f6n\u00fc\u015f\u00fcm gibi alanlarda \u00e7\u0131\u011f\u0131r a\u00e7an projelere ev sahipli\u011fi yaparak d\u00fcnya genelinden milyonlarca ziyaret\u00e7iyi a\u011f\u0131rlayacakt\u0131r. Osaka K\u00f6rfezi\u2019ndeki Yumeshima Adas\u0131\u2019nda ger\u00e7ekle\u015ftirilecek fuar, y\u00fczlerce \u00fclkenin kat\u0131l\u0131m\u0131yla bilim, sanat ve teknoloji alanlar\u0131nda ilham verici bir etkile\u015fim platformu olmay\u0131 ama\u00e7lamaktad\u0131r.<\/p>\n\n\n\n<h3 class=\"wp-block-heading\" id=\"edinburgh-festivali-agustos-edinburgh-iskocya\">Edinburgh Festivali: A\u011fustos, Edinburgh, \u0130sko\u00e7ya<\/h3>\n\n\n\n<figure class=\"wp-block-image size-large\"><img loading=\"lazy\" decoding=\"async\" width=\"1024\" height=\"683\" src=\"https:\/\/ivasanat.com\/blog\/wp-content\/uploads\/2025\/02\/edinburgh-1024x683.jpg\" alt=\"\" class=\"wp-image-2476\" title=\"\" srcset=\"https:\/\/ivasanat.com\/blog\/wp-content\/uploads\/2025\/02\/edinburgh-1024x683.jpg 1024w, https:\/\/ivasanat.com\/blog\/wp-content\/uploads\/2025\/02\/edinburgh-300x200.jpg 300w, https:\/\/ivasanat.com\/blog\/wp-content\/uploads\/2025\/02\/edinburgh-768x512.jpg 768w, https:\/\/ivasanat.com\/blog\/wp-content\/uploads\/2025\/02\/edinburgh-1536x1025.jpg 1536w, https:\/\/ivasanat.com\/blog\/wp-content\/uploads\/2025\/02\/edinburgh-18x12.jpg 18w, https:\/\/ivasanat.com\/blog\/wp-content\/uploads\/2025\/02\/edinburgh.jpg 2048w\" sizes=\"auto, (max-width: 1024px) 100vw, 1024px\" \/><\/figure>\n\n\n\n<p>A\u011fustos ay\u0131n\u0131n 1-24 tarihleri aras\u0131nda \u0130sko\u00e7ya, d\u00fcnyan\u0131n en b\u00fcy\u00fck sanat festivallerinden biriyle k\u00fclt\u00fcrel bir \u015f\u00f6len sunmay\u0131 planlamaktad\u0131r. Edinburgh Festivali, edebiyat, tiyatro, m\u00fczik ve dans gibi bir\u00e7ok sanat dal\u0131n\u0131 kapsayan etkinlikleriyle \u015fehri adeta devasa bir sahneye d\u00f6n\u00fc\u015ft\u00fcrecek. Festival, hem profesyonel sanat\u00e7\u0131lar hem de ba\u011f\u0131ms\u0131z performans gruplar\u0131 i\u00e7in b\u00fcy\u00fck bir vitrin i\u015flevi g\u00f6r\u00fcrken, sokak sanat\u00e7\u0131lar\u0131 da etkinlikte yer almaktad\u0131r. \u00d6zellikle Edinburgh Fringe b\u00f6l\u00fcm\u00fc, alternatif tiyatro ve deneysel sanat\u0131n en iddial\u0131 \u00f6rneklerini sunarak izleyicilere farkl\u0131 perspektifler kazand\u0131racakt\u0131r.<\/p>\n\n\n\n<h3 class=\"wp-block-heading\" id=\"hawaii-triennial-8-subat-18-mayis-honolulu-hawaii-abd\">Hawaii Triennial: 8 \u015eubat &#8211; 18 May\u0131s, Honolulu, Hawaii, ABD<\/h3>\n\n\n\n<figure class=\"wp-block-image size-large\"><img loading=\"lazy\" decoding=\"async\" width=\"1024\" height=\"675\" src=\"https:\/\/ivasanat.com\/blog\/wp-content\/uploads\/2025\/02\/hawaii-1024x675.jpg\" alt=\"\" class=\"wp-image-2477\" title=\"\" srcset=\"https:\/\/ivasanat.com\/blog\/wp-content\/uploads\/2025\/02\/hawaii-1024x675.jpg 1024w, https:\/\/ivasanat.com\/blog\/wp-content\/uploads\/2025\/02\/hawaii-300x198.jpg 300w, https:\/\/ivasanat.com\/blog\/wp-content\/uploads\/2025\/02\/hawaii-768x507.jpg 768w, https:\/\/ivasanat.com\/blog\/wp-content\/uploads\/2025\/02\/hawaii-1536x1013.jpg 1536w, https:\/\/ivasanat.com\/blog\/wp-content\/uploads\/2025\/02\/hawaii-2048x1351.jpg 2048w, https:\/\/ivasanat.com\/blog\/wp-content\/uploads\/2025\/02\/hawaii-18x12.jpg 18w\" sizes=\"auto, (max-width: 1024px) 100vw, 1024px\" \/><\/figure>\n\n\n\n<p>Pasifik Okyanusu\u2019nun ortas\u0131nda, tropik bir cennet olan Hawaii, 2025 y\u0131l\u0131nda da \u00e7a\u011fda\u015f sanat d\u00fcnyas\u0131n\u0131n ilgi oda\u011f\u0131 haline gelecek. Hawaii Triennial, 8 \u015eubat &#8211; 18 May\u0131s tarihleri aras\u0131nda Honolulu\u2019da ger\u00e7ekle\u015ferek, Asya-Pasifik ve Amerika k\u0131tas\u0131 aras\u0131ndaki k\u00fclt\u00fcrel k\u00f6pr\u00fcleri sanat yoluyla ke\u015ffetmeyi ama\u00e7layan bir etkinliktir. \u00dc\u00e7 y\u0131lda bir d\u00fczenlenen bu etkinlik, \u00e7a\u011fda\u015f sanat\u0131n disiplinler aras\u0131 ve k\u00fcresel boyutlar\u0131n\u0131 \u00f6n plana \u00e7\u0131karan sergilere ev sahipli\u011fi yaparak, sanat\u00e7\u0131lar\u0131n \u00e7evre, kimlik ve yerel k\u00fclt\u00fcr gibi konular\u0131 ele ald\u0131\u011f\u0131 eserleriyle dikkat \u00e7ekmektedir.<\/p>\n\n\n\n<h3 class=\"wp-block-heading\" id=\"sail-amsterdam-12-16-agustos-amsterdam-hollanda\">Sail Amsterdam: 12-16 A\u011fustos, Amsterdam, Hollanda<\/h3>\n\n\n\n<figure class=\"wp-block-image size-large\"><img loading=\"lazy\" decoding=\"async\" width=\"1024\" height=\"656\" src=\"https:\/\/ivasanat.com\/blog\/wp-content\/uploads\/2025\/02\/sail-amsterdam-1024x656.png\" alt=\"\" class=\"wp-image-2478\" title=\"\" srcset=\"https:\/\/ivasanat.com\/blog\/wp-content\/uploads\/2025\/02\/sail-amsterdam-1024x656.png 1024w, https:\/\/ivasanat.com\/blog\/wp-content\/uploads\/2025\/02\/sail-amsterdam-300x192.png 300w, https:\/\/ivasanat.com\/blog\/wp-content\/uploads\/2025\/02\/sail-amsterdam-768x492.png 768w, https:\/\/ivasanat.com\/blog\/wp-content\/uploads\/2025\/02\/sail-amsterdam-1536x984.png 1536w, https:\/\/ivasanat.com\/blog\/wp-content\/uploads\/2025\/02\/sail-amsterdam-2048x1313.png 2048w, https:\/\/ivasanat.com\/blog\/wp-content\/uploads\/2025\/02\/sail-amsterdam-18x12.png 18w\" sizes=\"auto, (max-width: 1024px) 100vw, 1024px\" \/><\/figure>\n\n\n\n<p>Amsterdam, 2025 y\u0131l\u0131nda di\u011fer bir etkinlik olarak 12-16 A\u011fustos tarihleri aras\u0131nda d\u00fcnyan\u0131n en b\u00fcy\u00fck denizcilik etkinliklerinden birine ev sahipli\u011fi yaparak, \u015fehrin tarihi su yollar\u0131n\u0131 dev bir a\u00e7\u0131k hava m\u00fczesine d\u00f6n\u00fc\u015ft\u00fcrecek. Sail Amsterdam, her be\u015f y\u0131lda bir d\u00fczenlenen ve d\u00fcnyan\u0131n d\u00f6rt bir yan\u0131ndan gelen g\u00f6rkemli yelkenlilerin \u015fehre demir att\u0131\u011f\u0131 e\u015fsiz bir etkinlik olma \u00f6zelli\u011fi ta\u015f\u0131maktad\u0131r.<\/p>\n\n\n\n<p>Bu organizasyon, sadece denizcilik merakl\u0131lar\u0131 i\u00e7in de\u011fil, ayn\u0131 zamanda tarihi gemileri yak\u0131ndan g\u00f6rmek isteyen herkes i\u00e7in de b\u00fcy\u00fck bir cazibe merkezi olu\u015fturacakt\u0131r. \u015eehir boyunca d\u00fczenlenen ge\u00e7it t\u00f6renleri, g\u00f6steriler ve denizcilikle ilgili interaktif etkinlikler sayesinde Amsterdam, hem ge\u00e7mi\u015fin ihti\u015fam\u0131n\u0131 hem de modern denizcilik teknolojisini bir araya getiren benzersiz bir atmosfere b\u00fcr\u00fcnecek.<\/p>\n\n\n\n<h3 class=\"wp-block-heading\" id=\"biennale-danza-temmuz-agustos-venedik-italya\">Biennale Danza: Temmuz-A\u011fustos, Venedik, \u0130talya<\/h3>\n\n\n\n<figure class=\"wp-block-image size-large\"><img loading=\"lazy\" decoding=\"async\" width=\"1024\" height=\"354\" src=\"https:\/\/ivasanat.com\/blog\/wp-content\/uploads\/2025\/02\/bienalle-danza-1024x354.jpg\" alt=\"\" class=\"wp-image-2479\" title=\"\" srcset=\"https:\/\/ivasanat.com\/blog\/wp-content\/uploads\/2025\/02\/bienalle-danza-1024x354.jpg 1024w, https:\/\/ivasanat.com\/blog\/wp-content\/uploads\/2025\/02\/bienalle-danza-300x104.jpg 300w, https:\/\/ivasanat.com\/blog\/wp-content\/uploads\/2025\/02\/bienalle-danza-768x266.jpg 768w, https:\/\/ivasanat.com\/blog\/wp-content\/uploads\/2025\/02\/bienalle-danza-18x6.jpg 18w, https:\/\/ivasanat.com\/blog\/wp-content\/uploads\/2025\/02\/bienalle-danza.jpg 1300w\" sizes=\"auto, (max-width: 1024px) 100vw, 1024px\" \/><\/figure>\n\n\n\n<p>17 Temmuz ve 2 A\u011fustos tarihleri aras\u0131nda Venedik, dans\u0131n b\u00fcy\u00fcleyici d\u00fcnyas\u0131n\u0131 ke\u015ffetmek isteyenler i\u00e7in odak noktas\u0131 haline gelecektir. Biennale Danza, \u00e7a\u011fda\u015f dans\u0131n en yenilik\u00e7i ve ilham verici performanslar\u0131n\u0131 sergileyerek, uluslararas\u0131 koreograflar\u0131, dans topluluklar\u0131n\u0131 ve sanatseverleri bir araya getiren bir etkinlik olma g\u00f6revi \u00fcstlenmektedir.<\/p>\n\n\n\n<p>Venedik Bienali\u2019nin bir par\u00e7as\u0131 olarak d\u00fczenlenen bu etkinlik, farkl\u0131 k\u00fclt\u00fcrlerden gelen dans\u00e7\u0131lara sahne sunarak, modern dans\u0131n s\u0131n\u0131rlar\u0131n\u0131 zorlayan eserleri izleyicilerle bulu\u015fturacak. Festival, ayn\u0131 zamanda gen\u00e7 yetenekleri te\u015fvik eden at\u00f6lye \u00e7al\u0131\u015fmalar\u0131 ve ustal\u0131k s\u0131n\u0131flar\u0131yla, dans\u0131n teknik ve estetik a\u00e7\u0131dan evrimine dair \u00f6nemli bir tart\u0131\u015fma alan\u0131 da olu\u015fturacak.<\/p>\n","protected":false},"excerpt":{"rendered":"<p>2025\u2019in En \u00d6nemli K\u00fclt\u00fcrel Duraklar\u0131 2025 sanat etkinlikleri ve mimari d\u00fcnyas\u0131nda \u00f6nemli etkinliklere ev sahipli\u011fi yaparak k\u00fclt\u00fcrel takvimde unutulmaz izler b\u0131rakmas\u0131 planlanan y\u0131llardand\u0131r. Avrupa\u2019n\u0131n farkl\u0131 \u015fehirlerinde d\u00fczenlenecek bu etkinlikler, sanatseverleri ve yarat\u0131c\u0131 end\u00fcstrinin profesyonellerini bir araya getirerek k\u00fcresel \u00f6l\u00e7ekte ilham verici bulu\u015fmalara sahne olmaktad\u0131r. Dolay\u0131s\u0131yla IVA Sanat olarak 2025 k\u00fclt\u00fcr duraklar\u0131 hakk\u0131nda yazm\u0131\u015f oldu\u011fumuz bu [&hellip;]<\/p>\n","protected":false},"author":2,"featured_media":2480,"comment_status":"open","ping_status":"open","sticky":false,"template":"","format":"standard","meta":{"_gspb_post_css":"","footnotes":""},"categories":[44],"tags":[],"class_list":["post-2470","post","type-post","status-publish","format-standard","has-post-thumbnail","hentry","category-kultur-rotasi"],"blocksy_meta":[],"_links":{"self":[{"href":"https:\/\/ivasanat.com\/blog\/wp-json\/wp\/v2\/posts\/2470","targetHints":{"allow":["GET"]}}],"collection":[{"href":"https:\/\/ivasanat.com\/blog\/wp-json\/wp\/v2\/posts"}],"about":[{"href":"https:\/\/ivasanat.com\/blog\/wp-json\/wp\/v2\/types\/post"}],"author":[{"embeddable":true,"href":"https:\/\/ivasanat.com\/blog\/wp-json\/wp\/v2\/users\/2"}],"replies":[{"embeddable":true,"href":"https:\/\/ivasanat.com\/blog\/wp-json\/wp\/v2\/comments?post=2470"}],"version-history":[{"count":2,"href":"https:\/\/ivasanat.com\/blog\/wp-json\/wp\/v2\/posts\/2470\/revisions"}],"predecessor-version":[{"id":2483,"href":"https:\/\/ivasanat.com\/blog\/wp-json\/wp\/v2\/posts\/2470\/revisions\/2483"}],"wp:featuredmedia":[{"embeddable":true,"href":"https:\/\/ivasanat.com\/blog\/wp-json\/wp\/v2\/media\/2480"}],"wp:attachment":[{"href":"https:\/\/ivasanat.com\/blog\/wp-json\/wp\/v2\/media?parent=2470"}],"wp:term":[{"taxonomy":"category","embeddable":true,"href":"https:\/\/ivasanat.com\/blog\/wp-json\/wp\/v2\/categories?post=2470"},{"taxonomy":"post_tag","embeddable":true,"href":"https:\/\/ivasanat.com\/blog\/wp-json\/wp\/v2\/tags?post=2470"}],"curies":[{"name":"wp","href":"https:\/\/api.w.org\/{rel}","templated":true}]}}