{"id":1785,"date":"2025-01-17T09:31:02","date_gmt":"2025-01-17T06:31:02","guid":{"rendered":"https:\/\/ivasanat.com\/blog\/?p=1785"},"modified":"2026-04-28T12:07:05","modified_gmt":"2026-04-28T09:07:05","slug":"sanat-felsefesi-nedir","status":"publish","type":"post","link":"https:\/\/ivasanat.com\/blog\/sanat-felsefesi-nedir\/","title":{"rendered":"Sanat Felsefesi Nedir?"},"content":{"rendered":"\n<p><strong>Sanat felsefesi<\/strong>, estetik de\u011ferlere sahip sanat eserlerini analiz etme, yorumlama, \u00fcretme ve ele\u015ftirme s\u00fcrecini kapsamaktad\u0131r. Ancak baz\u0131 d\u00fc\u015f\u00fcn\u00fcrler, yaln\u0131zca sanat eserleriyle s\u0131n\u0131rl\u0131 kalmayarak do\u011fan\u0131n g\u00fczelliklerini de inceleme konusu yapm\u0131\u015ft\u0131r. Estetik ise pragmatizmin bak\u0131\u015f a\u00e7\u0131s\u0131yla tamamen z\u0131t bir yakla\u015f\u0131m sergiler. Pragmatizmde yarar ve toplumsal fayda \u00f6ncelikliyken, sanat felsefesi bireysellik ve esteti\u011fi temel almaktad\u0131r. Bu anlay\u0131\u015fa g\u00f6re, bir sanat eserinin mutlaka i\u015flevsel ya da fayda sa\u011flayan bir niteli\u011fe sahip olmas\u0131 gerekmemektedir.<\/p>\n\n\n\n<h2 class=\"wp-block-heading\">Sanat Felsefesi Ne Zaman Do\u011fdu?<\/h2>\n\n\n\n<p>Sanat felsefesi, sanat\u0131n do\u011fas\u0131n\u0131, anlam\u0131n\u0131, de\u011ferini ve i\u015flevini sorgulayan bir disiplin olarak antik d\u00f6nemlere kadar uzanan k\u00f6kl\u00fc bir ge\u00e7mi\u015fe sahiptir. Felsefenin bu dal\u0131, \u00f6zellikle Antik Yunan\u2019da Platon ve Aristoteles gibi filozoflar\u0131n eserlerinde \u015fekillenmeye ba\u015flam\u0131\u015ft\u0131r. Platon, \u201cDevlet\u201d adl\u0131 eserinde sanat\u0131n ger\u00e7eklikten bir taklit oldu\u011funu ve hakikate ula\u015fmada bir engel te\u015fkil edebilece\u011fini savunurken, Aristoteles \u201cPoetika\u201d adl\u0131 \u00e7al\u0131\u015fmas\u0131nda sanat\u0131n \u00f6zellikle tragedya arac\u0131l\u0131\u011f\u0131yla katarsis sa\u011flayarak duygusal ar\u0131nma yaratt\u0131\u011f\u0131n\u0131 ifade etmi\u015ftir.<\/p>\n\n\n\n<p>Dolay\u0131s\u0131yla sanat felsefesinin do\u011fu\u015funu belirli bir tarih ya da olayla s\u0131n\u0131rland\u0131rmak zordur, \u00e7\u00fcnk\u00fc sanat ve felsefe, insan\u0131n varolu\u015fuyla birlikte anlam aray\u0131\u015f\u0131n\u0131n bir par\u00e7as\u0131 olarak ortaya \u00e7\u0131km\u0131\u015ft\u0131r. Ancak, Bat\u0131 d\u00fc\u015f\u00fcncesinde bu alandaki sistematik tart\u0131\u015fmalar\u0131n M\u00d6 5. ve 4. y\u00fczy\u0131llarda yo\u011funla\u015ft\u0131\u011f\u0131 s\u00f6ylenebilmektedir.&nbsp;<\/p>\n\n\n\n<h2 class=\"wp-block-heading\">Sanat Felsefesinin \u00d6zellikleri Nelerdir?<\/h2>\n\n\n\n<figure class=\"wp-block-image size-full\"><img loading=\"lazy\" decoding=\"async\" width=\"859\" height=\"481\" src=\"https:\/\/ivasanat.com\/blog\/wp-content\/uploads\/2025\/01\/sanat-felsefesi-nedir.webp\" alt=\"\" class=\"wp-image-1790\" title=\"\" srcset=\"https:\/\/ivasanat.com\/blog\/wp-content\/uploads\/2025\/01\/sanat-felsefesi-nedir.webp 859w, https:\/\/ivasanat.com\/blog\/wp-content\/uploads\/2025\/01\/sanat-felsefesi-nedir-300x168.webp 300w, https:\/\/ivasanat.com\/blog\/wp-content\/uploads\/2025\/01\/sanat-felsefesi-nedir-768x430.webp 768w\" sizes=\"auto, (max-width: 859px) 100vw, 859px\" \/><\/figure>\n\n\n\n<p>Sanat ve felsefe, bili\u015fsel, ahlaki ve sosyal anlamda derin bir i\u00e7erik zenginli\u011fini payla\u015fmaktad\u0131r. Sanat felsefesi ba\u011flam\u0131nda ise d\u00f6rt ana teori bulunmaktad\u0131r: taklit\u00e7ilik, enstr\u00fcmentalizm, bi\u00e7imcilik ve duygusall\u0131k. Taklit\u00e7ili\u011fe g\u00f6re, sanat ger\u00e7e\u011fi yans\u0131tt\u0131\u011f\u0131nda de\u011ferlidir. Bu yakla\u015f\u0131m\u0131 benimseyen bir sanat\u00e7\u0131, ger\u00e7ek ya\u015fam\u0131 oldu\u011fu gibi yans\u0131tma ve temsil etme amac\u0131ndad\u0131r. Bi\u00e7imcilik teorisinde ise sanat, sanatsal unsurlar\u0131n ve ilkelerin ustal\u0131kla kullan\u0131lmas\u0131yla anlam kazan\u0131r. Renk uyumu, \u00e7izgi kalitesi ve kompozisyon gibi unsurlar, bir sanat eserinin etkileyicili\u011fini belirleyen temel fakt\u00f6rlerdir.<\/p>\n\n\n\n<p>Enstr\u00fcmentalizm ise sanat\u0131, bir mesaj veya fikir iletti\u011finde de\u011ferli g\u00f6r\u00fclmektedir. Bu anlay\u0131\u015fa g\u00f6re, etkili bir sanat eseri, izleyiciyi d\u00fc\u015f\u00fcnmeye sevk eden ya da bir g\u00f6r\u00fc\u015fe ikna eden bir ara\u00e7t\u0131r. Son olarak, duygusall\u0131k teorisine g\u00f6re ise bir sanat eseri, izleyicinin duygular\u0131n\u0131 harekete ge\u00e7irdi\u011finde ba\u015far\u0131l\u0131d\u0131r.<\/p>\n\n\n\n<h2 class=\"wp-block-heading\">Sanat Felsefesine G\u00f6re Sanat Eserinin \u00d6zellikleri Nelerdir?<\/h2>\n\n\n\n<p>Peki, felsefeye g\u00f6re <strong>sanat eserinin \u00f6zellikleri nelerdir<\/strong>? Sanat felsefesi, sanat eserinin \u00f6zelliklerini belirlerken estetik, ifade, bi\u00e7im ve anlam gibi kavramlar\u0131 ele al\u0131r. Bir sanat eserinin en temel \u00f6zelli\u011fi, estetik bir deneyim yaratma kapasitesidir. Estetik de\u011fer, sanat eserinin duyulara hitap etmesi ve izleyiciyi d\u00fc\u015f\u00fcnsel ya da duygusal bir yolculu\u011fa \u00e7\u0131karmas\u0131yla ili\u015fkilidir. Bu ba\u011flamda, bir sanat eseri genellikle g\u00fczellik, uyum veya anlam bak\u0131m\u0131ndan dikkat \u00e7eken unsurlar ta\u015f\u0131r.<\/p>\n\n\n\n<p>Sanat eserinin bir di\u011fer \u00f6nemli \u00f6zelli\u011fi ise yarat\u0131c\u0131l\u0131kla ili\u015fkilendirilmesidir. Bu nedenle sanat eserleri, sanat\u00e7\u0131n\u0131n bireysel ifadesini ve \u00f6zg\u00fcnl\u00fc\u011f\u00fcn\u00fc yans\u0131tmaktad\u0131r. Bu \u00f6zg\u00fcnl\u00fck, kullan\u0131lan teknikler, se\u00e7ilen malzemeler veya ortaya konan d\u00fc\u015f\u00fcnceler yoluyla da kendini g\u00f6stermektedir.<\/p>\n\n\n\n<h2 class=\"wp-block-heading\">Sanat Felsefesi Filozoflar\u0131 Kimlerdir?<\/h2>\n\n\n\n<p>Sanat felsefesi, sanat\u0131n do\u011fas\u0131n\u0131, amac\u0131n\u0131 ve anlam\u0131n\u0131 sorgulayan bir disiplin olarak \u00e7e\u015fitli d\u00fc\u015f\u00fcn\u00fcrlerin katk\u0131lar\u0131yla zenginle\u015fmi\u015ftir. Bu d\u00fc\u015f\u00fcn\u00fcrlerden baz\u0131lar\u0131 a\u015fa\u011f\u0131daki \u015fekilde a\u00e7\u0131klanmaktad\u0131r:<\/p>\n\n\n\n<p>Sokrates: Sanat felsefesinin ilk \u00f6nemli isimlerinden biri olan Sokrates, sanat\u0131 tart\u0131\u015fmay\u0131 seven bir filozoftur. \u015eairler, oyun yazarlar\u0131, ressamlar ve zanaatk\u00e2rlar, onun felsefi sohbetlerinde s\u0131kl\u0131kla ba\u015fvurdu\u011fu tart\u0131\u015fma ortaklar\u0131d\u0131r.<\/p>\n\n\n\n<p>Freud: Sanat felsefesine psikolojik bir boyut kazand\u0131ran Sigmund Freud, sanat\u0131 bireyin i\u00e7 d\u00fcnyas\u0131n\u0131 ifade etme arac\u0131 olarak g\u00f6rm\u00fc\u015ft\u00fcr.<\/p>\n\n\n\n<p>Platon: Platon, sanat\u0131 ger\u00e7ekli\u011fin bir yans\u0131mas\u0131 olarak de\u011ferlendirmi\u015ftir. Ona g\u00f6re t\u00fcm sanat eserleri, ideal formlar\u0131n taklididir. Sanat\u0131n insanlar\u0131 e\u011flendiren ve haz veren bir etkinlik oldu\u011funu savunmu\u015f, ayn\u0131 zamanda sanata ele\u015ftirel bir mesafeyle yakla\u015fm\u0131\u015ft\u0131r.<\/p>\n\n\n\n<p>Kant: Immanuel Kant, sanat\u0131 ahlak ve ak\u0131l alanlar\u0131ndan ba\u011f\u0131ms\u0131z bir \u015fekilde ele alm\u0131\u015ft\u0131r. Ona g\u00f6re, sanat bilgisi do\u011frudan sanat\u0131n kendisinden kaynaklan\u0131r ve estetik bir deneyimin temelinde bireysel yarg\u0131 bulunur.<\/p>\n\n\n\n<p>Nietzsche: Friedrich Nietzsche, insan\u0131n yarat\u0131c\u0131 g\u00fcc\u00fcn\u00fc ve hayal d\u00fcnyas\u0131n\u0131 sanat\u0131n temel unsurlar\u0131 olarak g\u00f6rm\u00fc\u015ft\u00fcr. Ona g\u00f6re, sanat insan\u0131 \u201c\u00fcst insan\u201d seviyesine ta\u015f\u0131yabilecek bir g\u00fc\u00e7t\u00fcr.<\/p>\n\n\n\n<h2 class=\"wp-block-heading\">Sanat Felsefesinin Ana Konusu Nedir?<\/h2>\n\n\n\n<figure class=\"wp-block-image size-full\"><img loading=\"lazy\" decoding=\"async\" width=\"859\" height=\"481\" src=\"https:\/\/ivasanat.com\/blog\/wp-content\/uploads\/2025\/01\/sanat-felsefesi.jpg\" alt=\"\" class=\"wp-image-1791\" title=\"\" srcset=\"https:\/\/ivasanat.com\/blog\/wp-content\/uploads\/2025\/01\/sanat-felsefesi.jpg 859w, https:\/\/ivasanat.com\/blog\/wp-content\/uploads\/2025\/01\/sanat-felsefesi-300x168.jpg 300w, https:\/\/ivasanat.com\/blog\/wp-content\/uploads\/2025\/01\/sanat-felsefesi-768x430.jpg 768w\" sizes=\"auto, (max-width: 859px) 100vw, 859px\" \/><\/figure>\n\n\n\n<p><strong>Sanat felsefesinin konusu ve problemleri<\/strong>, sanat\u0131n do\u011fas\u0131, amac\u0131 ve de\u011feridir. Bu disiplin, <strong>sanat felsefesi nedir<\/strong>? sorusundan ba\u015flayarak bir eseri sanat yapan unsurlar\u0131, estetik deneyimin \u00f6zelliklerini ve sanat\u0131n toplumsal ve bireysel i\u015flevlerini sorgulamaktad\u0131r. Geleneksel g\u00fczellik anlay\u0131\u015f\u0131n\u0131n \u00f6tesine ge\u00e7erek sanat\u0131n ifade, yarat\u0131c\u0131l\u0131k ve duygusal etkile\u015fim gibi boyutlar\u0131na da odaklan\u0131r. B\u00f6ylece sanat felsefesi, sanat\u0131n insan ya\u015fam\u0131ndaki yerini ve anlam\u0131n\u0131 anlamaya \u00e7al\u0131\u015fan geni\u015f kapsaml\u0131 bir d\u00fc\u015f\u00fcnce alan\u0131 sunmaktad\u0131r.&nbsp;<\/p>\n\n\n\n<h2 class=\"wp-block-heading\">Estetik ve Sanat Felsefesi<\/h2>\n\n\n\n<p><strong>Estetik nedir<\/strong> felsefe a\u00e7\u0131s\u0131ndan olduk\u00e7a merak edilen sorulardand\u0131r. Estetik ve sanat felsefesi, zaman zaman birbirlerinin yerine kullan\u0131lsa da farkl\u0131 y\u00f6nlere odaklanan iki ayr\u0131 felsefi disiplindir. Estetik, g\u00fczelli\u011fi ve g\u00fczellik deneyimini inceleyen bir felsefe dal\u0131d\u0131r ve do\u011fada bulunan g\u00fczellik ile sanat eserlerindeki g\u00fczellik, esteti\u011fin temel inceleme konular\u0131 aras\u0131nda yer al\u0131r.<\/p>\n\n\n\n<p>Sanat felsefesi ise daha dar bir kapsamda, yaln\u0131zca sanatsal g\u00fczelli\u011fi ve sanat eserlerini ele al\u0131r. Bu nedenle, esteti\u011fin \u00e7al\u0131\u015fma alan\u0131 sanat felsefesinden daha geni\u015ftir. Estetik, sanat\u0131 kapsamakla birlikte, do\u011fadaki g\u00fczellikten insan deneyimine kadar uzanan \u00e7ok y\u00f6nl\u00fc bir inceleme alan\u0131 sunar.<\/p>\n\n\n\n<h2 class=\"wp-block-heading\">Sanat Esteti\u011fi Nedir?<\/h2>\n\n\n\n<p><strong>Sanatsal estetik nedir<\/strong> sorusu d\u00fc\u015f\u00fcn\u00fcrleri olduk\u00e7a merakland\u0131ran bir di\u011fer konudur. Estetik, ya\u015fam\u0131n i\u00e7inde yer alan bir etkinlik olarak, insanl\u0131k tarihinin her d\u00f6neminde var olan bir olgudur. Sanat esteti\u011fi, bireyin duygular\u0131 ve d\u00fc\u015f\u00fcnceleriyle i\u00e7indeki g\u00fczellik alg\u0131s\u0131n\u0131, izleyicilerde heyecan uyand\u0131racak bi\u00e7imde ifade etmesidir. Sanat esteti\u011finin temel amac\u0131 ise sanat\u0131 anlamak, yorumlamak ve ona belirli bir etki yapmakt\u0131r.<\/p>\n\n\n\n<h2 class=\"wp-block-heading\">Sanat Felsefesi Kavramlar\u0131<\/h2>\n\n\n\n<p><strong>Sanat felsefesi kavramlar\u0131<\/strong> ile ilgili olarak yazd\u0131\u011f\u0131m\u0131z bu metinde, <a href=\"https:\/\/ivasanat.com\/\">IVA Sanat<\/a> olarak sanat felsefesine ekledi\u011fimiz <strong>sanat felsefesinin temel kavramlar\u0131<\/strong> a\u015fa\u011f\u0131daki \u015fekildedir:<\/p>\n\n\n\n<ul class=\"wp-block-list\">\n<li><strong>Obje<\/strong>: Sanat\u0131n konusu olan nesne ya da di\u011fer bir ifadeyle, sanat\u0131n odakland\u0131\u011f\u0131 varl\u0131kt\u0131r.<\/li>\n\n\n\n<li><strong>Suje<\/strong>: Sanatla ilgilenen ve ondan anlayan ki\u015fidir; sanat\u0131n izleyicisi veya ele\u015ftirmeni olarak kabul edilir.<\/li>\n\n\n\n<li><strong>Estetik Tav\u0131r<\/strong>: Sanatla u\u011fra\u015fan ve ondan anlayan ki\u015finin, sanat eserine kar\u015f\u0131 sergiledi\u011fi tutumdur. Bu tav\u0131r, eseri de\u011ferlendirme \u015fekliyle ilgilidir.<\/li>\n\n\n\n<li><strong>Estetik Haz<\/strong>: Estetik bir \u00f6znenin, estetik bir tav\u0131rla, estetik bir nesneye yakla\u015fmas\u0131 sonucu duydu\u011fu heyecan ya da duygudur.<\/li>\n\n\n\n<li><strong>Estetik Yarg\u0131<\/strong>: \u00d6znenin, sanat eseri (nesne) hakk\u0131nda, g\u00fczellik ya da ho\u015fluk gibi bir yarg\u0131da bulunmas\u0131d\u0131r.<\/li>\n\n\n\n<li><strong>G\u00fczellik<\/strong>: G\u00fczellik, bir be\u011feni yarg\u0131s\u0131d\u0131r ve estetik de\u011ferlendirmenin temel unsurlar\u0131ndan biridir.<\/li>\n\n\n\n<li><strong>Sanat Eseri<\/strong>: Sanat\u00e7\u0131n\u0131n yarat\u0131c\u0131l\u0131\u011f\u0131 ve ustal\u0131\u011f\u0131 sonucunda ortaya \u00e7\u0131kan, sanatsal de\u011fer ta\u015f\u0131yan eserdir.<\/li>\n\n\n\n<li><strong>Taklit<\/strong>: Sanat\u00e7\u0131n\u0131n, bir \u015feyi benzeterek ya da yans\u0131tarak eserine aktarmas\u0131d\u0131r. Taklit, sanat\u0131n bir ifadesi ve bazen sanatsal bir teknik olarak kullan\u0131l\u0131r.<\/li>\n<\/ul>\n\n\n\n<h2 class=\"wp-block-heading\">G\u00fcn\u00fcm\u00fczde Sanat Felsefesi<\/h2>\n\n\n\n<p>G\u00fcn\u00fcm\u00fczde sanat felsefesi, geleneksel estetik tart\u0131\u015fmalar\u0131n \u00f6tesine ge\u00e7erek \u00e7a\u011fda\u015f sanat\u0131n karma\u015f\u0131k do\u011fas\u0131n\u0131 anlamaya odaklanmaktad\u0131r. Modern ve postmodern sanat anlay\u0131\u015flar\u0131yla birlikte, <strong>sanat esteti\u011fi nedir<\/strong> sorusu daha da geni\u015flemi\u015f, g\u00fczellik ve estetik deneyimin yan\u0131 s\u0131ra etik, k\u00fclt\u00fcrel, politik ve teknolojik boyutlar da inceleme konusu olmu\u015ftur.<\/p>\n\n\n\n<p><\/p>\n","protected":false},"excerpt":{"rendered":"<p>Sanat felsefesi, estetik de\u011ferlere sahip sanat eserlerini analiz etme, yorumlama, \u00fcretme ve ele\u015ftirme s\u00fcrecini kapsamaktad\u0131r. Ancak baz\u0131 d\u00fc\u015f\u00fcn\u00fcrler, yaln\u0131zca sanat eserleriyle s\u0131n\u0131rl\u0131 kalmayarak do\u011fan\u0131n g\u00fczelliklerini de inceleme konusu yapm\u0131\u015ft\u0131r. Estetik ise pragmatizmin bak\u0131\u015f a\u00e7\u0131s\u0131yla tamamen z\u0131t bir yakla\u015f\u0131m sergiler. Pragmatizmde yarar ve toplumsal fayda \u00f6ncelikliyken, sanat felsefesi bireysellik ve esteti\u011fi temel almaktad\u0131r. Bu anlay\u0131\u015fa g\u00f6re, [&hellip;]<\/p>\n","protected":false},"author":2,"featured_media":1789,"comment_status":"open","ping_status":"open","sticky":false,"template":"","format":"standard","meta":{"_gspb_post_css":"","footnotes":""},"categories":[37],"tags":[],"class_list":["post-1785","post","type-post","status-publish","format-standard","has-post-thumbnail","hentry","category-nedir-bu"],"blocksy_meta":[],"_links":{"self":[{"href":"https:\/\/ivasanat.com\/blog\/wp-json\/wp\/v2\/posts\/1785","targetHints":{"allow":["GET"]}}],"collection":[{"href":"https:\/\/ivasanat.com\/blog\/wp-json\/wp\/v2\/posts"}],"about":[{"href":"https:\/\/ivasanat.com\/blog\/wp-json\/wp\/v2\/types\/post"}],"author":[{"embeddable":true,"href":"https:\/\/ivasanat.com\/blog\/wp-json\/wp\/v2\/users\/2"}],"replies":[{"embeddable":true,"href":"https:\/\/ivasanat.com\/blog\/wp-json\/wp\/v2\/comments?post=1785"}],"version-history":[{"count":2,"href":"https:\/\/ivasanat.com\/blog\/wp-json\/wp\/v2\/posts\/1785\/revisions"}],"predecessor-version":[{"id":1792,"href":"https:\/\/ivasanat.com\/blog\/wp-json\/wp\/v2\/posts\/1785\/revisions\/1792"}],"wp:featuredmedia":[{"embeddable":true,"href":"https:\/\/ivasanat.com\/blog\/wp-json\/wp\/v2\/media\/1789"}],"wp:attachment":[{"href":"https:\/\/ivasanat.com\/blog\/wp-json\/wp\/v2\/media?parent=1785"}],"wp:term":[{"taxonomy":"category","embeddable":true,"href":"https:\/\/ivasanat.com\/blog\/wp-json\/wp\/v2\/categories?post=1785"},{"taxonomy":"post_tag","embeddable":true,"href":"https:\/\/ivasanat.com\/blog\/wp-json\/wp\/v2\/tags?post=1785"}],"curies":[{"name":"wp","href":"https:\/\/api.w.org\/{rel}","templated":true}]}}