{"id":1694,"date":"2024-12-28T13:54:00","date_gmt":"2024-12-28T10:54:00","guid":{"rendered":"https:\/\/ivasanat.com\/blog\/?p=1694"},"modified":"2026-04-28T12:05:13","modified_gmt":"2026-04-28T09:05:13","slug":"en-iyi-muzeler","status":"publish","type":"post","link":"https:\/\/ivasanat.com\/blog\/en-iyi-muzeler\/","title":{"rendered":"D\u00fcnyan\u0131n En \u0130yi 10 M\u00fczesi"},"content":{"rendered":"\n<p>M\u00fczeler, ge\u00e7mi\u015fin izlerini bug\u00fcne ta\u015f\u0131yan, k\u00fclt\u00fcrel ve tarihi miras\u0131n korunmas\u0131n\u0131 sa\u011flayan \u00f6nemli kurumlard\u0131r. Ayr\u0131ca, m\u00fczeler, toplumlar\u0131n kimli\u011fini ve tarihini yans\u0131tan eserleri sergileyerek, ziyaret\u00e7ilere tarihsel bir perspektif ve k\u00fclt\u00fcrel \u00e7e\u015fitlilik sunmaktad\u0131r.<\/p>\n\n\n\n<p>Ayr\u0131ca, e\u011fitim ve ara\u015ft\u0131rma a\u00e7\u0131s\u0131ndan da m\u00fczelerin \u00f6nemi olduk\u00e7a b\u00fcy\u00fckt\u00fcr ve insanlar\u0131n sanat, bilim, tarih ve k\u00fclt\u00fcr konular\u0131nda bilgi edinmelerine olanak tan\u0131rken, gen\u00e7 nesillere bu alanlarda ilham verirler. Ekonomik olarak da \u00f6nemli bir katk\u0131 sa\u011flayan m\u00fczeler, turizm sekt\u00f6r\u00fcn\u00fcn canl\u0131 tutulmas\u0131nda da etkili bir fakt\u00f6rd\u00fcr. Her ya\u015f grubundan insan\u0131n ilgisini \u00e7eken bu mekanlar, sadece birer sergi alan\u0131 de\u011fil, ayn\u0131 zamanda toplumlar\u0131n k\u00fclt\u00fcrel haf\u0131zas\u0131n\u0131 canl\u0131 tutan birer k\u00f6pr\u00fc niteli\u011findedir.&nbsp;<\/p>\n\n\n\n<p>Dolay\u0131s\u0131yla <a href=\"https:\/\/ivasanat.com\/\">IVA Sanat<\/a> olarak <strong>d\u00fcnyaca \u00fcnl\u00fc sanat galerileri<\/strong> hakk\u0131nda yazm\u0131\u015f oldu\u011fumuz bu yaz\u0131 ile <strong>d\u00fcnyadaki \u00fcnl\u00fc m\u00fczeler<\/strong> hakk\u0131nda kapsaml\u0131 bir bilgi sa\u011flamay\u0131 ama\u00e7lamaktay\u0131z.\u00a0<\/p>\n\n\n\n<h2 class=\"wp-block-heading\">Louvre, Paris, Fransa<\/h2>\n\n\n\n<figure class=\"wp-block-image size-large\"><img loading=\"lazy\" decoding=\"async\" width=\"1024\" height=\"406\" src=\"https:\/\/ivasanat.com\/blog\/wp-content\/uploads\/2025\/01\/louvre-muzesi-1024x406.jpg\" alt=\"\" class=\"wp-image-1695\" title=\"\" srcset=\"https:\/\/ivasanat.com\/blog\/wp-content\/uploads\/2025\/01\/louvre-muzesi-1024x406.jpg 1024w, https:\/\/ivasanat.com\/blog\/wp-content\/uploads\/2025\/01\/louvre-muzesi-300x119.jpg 300w, https:\/\/ivasanat.com\/blog\/wp-content\/uploads\/2025\/01\/louvre-muzesi-768x305.jpg 768w, https:\/\/ivasanat.com\/blog\/wp-content\/uploads\/2025\/01\/louvre-muzesi.jpg 1200w\" sizes=\"auto, (max-width: 1024px) 100vw, 1024px\" \/><\/figure>\n\n\n\n<p>Louvre M\u00fczesi, 1793 y\u0131l\u0131nda Frans\u0131z Devrimi\u2019nin etkisiyle eski bir kraliyet saray\u0131ndan d\u00f6n\u00fc\u015ft\u00fcr\u00fclerek halka a\u00e7\u0131lm\u0131\u015ft\u0131r. <strong>D\u00fcnyan\u0131n en iyi m\u00fczeleri<\/strong> aras\u0131nda yer alan ve e\u015fsiz tarihi eser koleksiyonuna sahip olan Louvre, geni\u015f ve \u00e7e\u015fitlilik i\u00e7eren koleksiyonlar\u0131yla da dikkat \u00e7ekmektedir. Antik M\u0131s\u0131r, Mezopotamya, Yunan ve Roma medeniyetlerinden eserlerin yan\u0131 s\u0131ra R\u00f6nesans ve Barok d\u00f6nemlerine ait paha bi\u00e7ilmez tablolar ve heykeller de m\u00fczede sergilenmektedir.<\/p>\n\n\n\n<p>M\u00fczenin en \u00fcnl\u00fc eserleri aras\u0131nda ise Leonardo da Vinci\u2019nin \u201cMona Lisa\u201d tablosu, Milo Ven\u00fcs\u00fc heykeli ve Hammurabi Kanunlar\u0131 yer almaktad\u0131r. Bug\u00fcn y\u0131lda milyonlarca ziyaret\u00e7iyi a\u011f\u0131rlayan <strong>Paris te bulunan \u00fcnl\u00fc sanat m\u00fczesi<\/strong>, sanat ve tarihin bulu\u015fma noktas\u0131 olarak kabul edilmektedir.&nbsp;<\/p>\n\n\n\n<p><strong><a href=\"https:\/\/ivasanat.com\/blog\/louvre-muzesinde-gorulmesi-gereken-sanat-eserleri\/\">Louvre M\u00fczesi&#8217;nde g\u00f6rmeniz gereken eserler<\/a> hakk\u0131nda bilgi almak i\u00e7in g\u00f6z at\u0131n!<\/strong><\/p>\n\n\n\n<h2 class=\"wp-block-heading\">Modern Sanat M\u00fczesi (MoMA), New York, Amerika<\/h2>\n\n\n\n<figure class=\"wp-block-image size-full\"><img loading=\"lazy\" decoding=\"async\" width=\"1024\" height=\"410\" src=\"https:\/\/ivasanat.com\/blog\/wp-content\/uploads\/2025\/01\/museum-of-modern-art.jpg\" alt=\"\" class=\"wp-image-1696\" title=\"\" srcset=\"https:\/\/ivasanat.com\/blog\/wp-content\/uploads\/2025\/01\/museum-of-modern-art.jpg 1024w, https:\/\/ivasanat.com\/blog\/wp-content\/uploads\/2025\/01\/museum-of-modern-art-300x120.jpg 300w, https:\/\/ivasanat.com\/blog\/wp-content\/uploads\/2025\/01\/museum-of-modern-art-768x308.jpg 768w\" sizes=\"auto, (max-width: 1024px) 100vw, 1024px\" \/><\/figure>\n\n\n\n<p>Modern Sanat M\u00fczesi (MoMA), 1929 y\u0131l\u0131nda Abby Aldrich Rockefeller ve arkada\u015flar\u0131 taraf\u0131ndan modern sanat\u0131 te\u015fvik etmek amac\u0131yla kurulmu\u015ftur. MoMA, 20. ve 21. y\u00fczy\u0131l modern sanat\u0131n\u0131n en \u00f6nemli eserlerini bar\u0131nd\u0131rmakta ve bu alandaki <strong>d\u00fcnyaca \u00fcnl\u00fc m\u00fczeler<\/strong> aras\u0131nda gelmektedir. M\u00fczenin koleksiyonunda ise Vincent van Gogh\u2019un \u201cY\u0131ld\u0131zl\u0131 Gece\u201d, Pablo Picasso\u2019nun \u201cAvignonlu Kad\u0131nlar\u201d ve Andy Warhol\u2019un \u201cCampbell \u00c7orba Kutular\u0131\u201d gibi eserler bulunmaktad\u0131r. Resim, heykel, film, foto\u011fraf ve tasar\u0131m gibi farkl\u0131 disiplinlerden eserleriyle MoMA, modern sanat\u0131n evrimine dair kapsaml\u0131 bir deneyim imkan\u0131 da sunmaktad\u0131r.<\/p>\n\n\n\n<h2 class=\"wp-block-heading\">Rijksmuseum, Amsterdam, Hollanda<\/h2>\n\n\n\n<figure class=\"wp-block-image size-large\"><img loading=\"lazy\" decoding=\"async\" width=\"1024\" height=\"525\" src=\"https:\/\/ivasanat.com\/blog\/wp-content\/uploads\/2025\/01\/rijksmuseum-1024x525.webp\" alt=\"\" class=\"wp-image-1697\" title=\"\" srcset=\"https:\/\/ivasanat.com\/blog\/wp-content\/uploads\/2025\/01\/rijksmuseum-1024x525.webp 1024w, https:\/\/ivasanat.com\/blog\/wp-content\/uploads\/2025\/01\/rijksmuseum-300x154.webp 300w, https:\/\/ivasanat.com\/blog\/wp-content\/uploads\/2025\/01\/rijksmuseum-768x394.webp 768w, https:\/\/ivasanat.com\/blog\/wp-content\/uploads\/2025\/01\/rijksmuseum-1536x787.webp 1536w, https:\/\/ivasanat.com\/blog\/wp-content\/uploads\/2025\/01\/rijksmuseum.webp 1920w\" sizes=\"auto, (max-width: 1024px) 100vw, 1024px\" \/><\/figure>\n\n\n\n<p>Rijksmuseum, 1800 y\u0131l\u0131nda Lahey\u2019de kurulmu\u015f ve daha sonra 1885 y\u0131l\u0131nda Amsterdam\u2019daki bug\u00fcnk\u00fc yerine ta\u015f\u0131nm\u0131\u015ft\u0131r. <strong>D\u00fcnyadaki m\u00fczeler<\/strong> aras\u0131nda kendine \u00f6zg\u00fc \u00fcne sahip olan s\u00f6z konusu m\u00fcze, Hollanda Alt\u0131n \u00c7a\u011f\u0131\u2019na ait ba\u015fyap\u0131tlar\u0131yla \u00fcnl\u00fcd\u00fcr ve Rembrandt, Vermeer, Frans Hals gibi sanat\u00e7\u0131lar\u0131n eserlerini bar\u0131nd\u0131rmaktad\u0131r. M\u00fczenin en tan\u0131nm\u0131\u015f eserleri aras\u0131nda ise Rembrandt\u2019\u0131n \u201cGece Devriyesi\u201d ve Vermeer\u2019in \u201cS\u00fct\u00e7\u00fc K\u0131z\u201d tablolar\u0131 yer almaktad\u0131r. Bunun yan\u0131 s\u0131ra, m\u00fczede yer alan dekoratif sanatlar, heykeller ve Asya koleksiyonlar\u0131 da dikkat \u00e7ekmektedir.<\/p>\n\n\n\n<h2 class=\"wp-block-heading\">Uffizi Galerisi, Floransa, \u0130talya<\/h2>\n\n\n\n<figure class=\"wp-block-image size-large\"><img loading=\"lazy\" decoding=\"async\" width=\"1024\" height=\"682\" src=\"https:\/\/ivasanat.com\/blog\/wp-content\/uploads\/2025\/01\/image-1024x682.png\" alt=\"\" class=\"wp-image-1698\" title=\"\" srcset=\"https:\/\/ivasanat.com\/blog\/wp-content\/uploads\/2025\/01\/image-1024x682.png 1024w, https:\/\/ivasanat.com\/blog\/wp-content\/uploads\/2025\/01\/image-300x200.png 300w, https:\/\/ivasanat.com\/blog\/wp-content\/uploads\/2025\/01\/image-768x512.png 768w, https:\/\/ivasanat.com\/blog\/wp-content\/uploads\/2025\/01\/image.png 1249w\" sizes=\"auto, (max-width: 1024px) 100vw, 1024px\" \/><\/figure>\n\n\n\n<p><strong>En \u00fcnl\u00fc m\u00fczeler<\/strong> aras\u0131nda gelen Uffizi Galerisi, 1560 y\u0131l\u0131nda Giorgio Vasari taraf\u0131ndan tasarlanm\u0131\u015f ve 1581\u2019de Medici ailesi taraf\u0131ndan tamamlanm\u0131\u015ft\u0131r. R\u00f6nesans sanat\u0131n\u0131n en kapsaml\u0131 koleksiyonlar\u0131ndan birine ev sahipli\u011fi yapan m\u00fcze, Floransa\u2019n\u0131n k\u00fclt\u00fcrel zenginli\u011fini yans\u0131tmaktad\u0131r. Sandro Botticelli\u2019nin \u201cVen\u00fcs\u2019\u00fcn Do\u011fu\u015fu\u201d, Leonardo da Vinci\u2019nin erken d\u00f6nem eserleri ve Michelangelo\u2019nun ba\u015fyap\u0131tlar\u0131 m\u00fczenin en \u00f6nemli eserleri aras\u0131ndad\u0131r. \u0130talya\u2019n\u0131n sanatsal tarihine dair bir yolculuk sunan Uffizi, ziyaret\u00e7ilerine e\u015fsiz bir estetik deneyim de sunmaktad\u0131r.<\/p>\n\n\n\n<p><strong><a href=\"https:\/\/ivasanat.com\/blog\/uffizi-muzesinde-gorulmesi-gereken-7-eser\/\">Uffizi Galerisi&#8217;nde g\u00f6rmeniz gereken eserler<\/a> hakk\u0131nda bilgi al\u0131n!<\/strong><\/p>\n\n\n\n<h2 class=\"wp-block-heading\">Prado, Madrid, \u0130spanya<\/h2>\n\n\n\n<figure class=\"wp-block-image size-full\"><img loading=\"lazy\" decoding=\"async\" width=\"986\" height=\"486\" src=\"https:\/\/ivasanat.com\/blog\/wp-content\/uploads\/2025\/01\/image-1.png\" alt=\"\" class=\"wp-image-1699\" title=\"\" srcset=\"https:\/\/ivasanat.com\/blog\/wp-content\/uploads\/2025\/01\/image-1.png 986w, https:\/\/ivasanat.com\/blog\/wp-content\/uploads\/2025\/01\/image-1-300x148.png 300w, https:\/\/ivasanat.com\/blog\/wp-content\/uploads\/2025\/01\/image-1-768x379.png 768w\" sizes=\"auto, (max-width: 986px) 100vw, 986px\" \/><\/figure>\n\n\n\n<p>Prado M\u00fczesi, 1819 y\u0131l\u0131nda \u0130spanya Krali\u00e7esi Maria Isabel taraf\u0131ndan halka a\u00e7\u0131lm\u0131\u015f ve Avrupa sanat\u0131n\u0131n en \u00f6nemli koleksiyonlar\u0131ndan birine ev sahipli\u011fi yapmaktad\u0131r. M\u00fcze, <strong>d\u00fcnya m\u00fczeleri<\/strong> aras\u0131nda \u00f6zellikle \u0130spanyol ressamlar\u0131n\u0131n eserleriyle tan\u0131nmaktad\u0131r. Diego Vel\u00e1zquez\u2019in \u201cLas Meninas\u201d\u0131, Francisco Goya\u2019n\u0131n \u201c3 May\u0131s 1808\u201d tablosu ve El Greco\u2019nun eserleri m\u00fczenin en \u00f6nemli par\u00e7alar\u0131ndand\u0131r. Ayr\u0131ca, Titian, Rubens ve Bosch gibi Avrupal\u0131 ustalar\u0131n eserleri de koleksiyonun par\u00e7alar\u0131 aras\u0131ndad\u0131r.&nbsp;<\/p>\n\n\n\n<p><strong><a href=\"https:\/\/ivasanat.com\/blog\/madrid-prado-muzesinde-gorulmesi-gereken-eserler\/\">Madrid Prado M\u00fczesi g\u00f6r\u00fclmesi gereken eserler<\/a> i\u00e7in g\u00f6z at\u0131n!<\/strong><\/p>\n\n\n\n<h2 class=\"wp-block-heading\">National Gallery, Londra, \u0130ngiltere<\/h2>\n\n\n\n<figure class=\"wp-block-image size-large\"><img loading=\"lazy\" decoding=\"async\" width=\"1024\" height=\"533\" src=\"https:\/\/ivasanat.com\/blog\/wp-content\/uploads\/2025\/01\/image-2-1024x533.png\" alt=\"\" class=\"wp-image-1700\" title=\"\" srcset=\"https:\/\/ivasanat.com\/blog\/wp-content\/uploads\/2025\/01\/image-2-1024x533.png 1024w, https:\/\/ivasanat.com\/blog\/wp-content\/uploads\/2025\/01\/image-2-300x156.png 300w, https:\/\/ivasanat.com\/blog\/wp-content\/uploads\/2025\/01\/image-2-768x400.png 768w, https:\/\/ivasanat.com\/blog\/wp-content\/uploads\/2025\/01\/image-2-1536x799.png 1536w, https:\/\/ivasanat.com\/blog\/wp-content\/uploads\/2025\/01\/image-2.png 1585w\" sizes=\"auto, (max-width: 1024px) 100vw, 1024px\" \/><\/figure>\n\n\n\n<p>National Gallery, 1824 y\u0131l\u0131nda \u0130ngiltere\u2019nin sanat miras\u0131n\u0131 korumak ve s\u00f6z konusu miras\u0131 halka a\u00e7\u0131k hale getirmek amac\u0131yla kurulmu\u015ftur. Londra\u2019n\u0131n Trafalgar Meydan\u0131\u2019nda yer alan m\u00fcze, 13. y\u00fczy\u0131ldan 20. y\u00fczy\u0131la kadar uzanan Bat\u0131 Avrupa sanat\u0131n\u0131n en \u00f6nemli koleksiyonlar\u0131ndan birine sahiptir. Leonardo da Vinci, Rembrandt, Van Gogh ve Turner gibi ustalar\u0131n eserleri m\u00fczede b\u00fcy\u00fck bir koleksiyon halinde sergilenmektedir. Koleksiyonun \u00f6ne \u00e7\u0131kan eserleri aras\u0131nda Van Gogh\u2019un \u201cAy\u00e7i\u00e7ekleri\u201d, Leonardo\u2019nun \u201cMadonna of the Rocks\u201d ve Monet\u2019nin \u201cNil\u00fcferler\u201d serisi bulunmaktad\u0131r.<\/p>\n\n\n\n<h2 class=\"wp-block-heading\">Moderna Museet, Stockholm, \u0130sve\u00e7<\/h2>\n\n\n\n<figure class=\"wp-block-image size-full\"><img loading=\"lazy\" decoding=\"async\" width=\"966\" height=\"632\" src=\"https:\/\/ivasanat.com\/blog\/wp-content\/uploads\/2025\/01\/image-3.png\" alt=\"\" class=\"wp-image-1701\" title=\"\" srcset=\"https:\/\/ivasanat.com\/blog\/wp-content\/uploads\/2025\/01\/image-3.png 966w, https:\/\/ivasanat.com\/blog\/wp-content\/uploads\/2025\/01\/image-3-300x196.png 300w, https:\/\/ivasanat.com\/blog\/wp-content\/uploads\/2025\/01\/image-3-768x502.png 768w\" sizes=\"auto, (max-width: 966px) 100vw, 966px\" \/><\/figure>\n\n\n\n<p>Moderna Museet, 1958 y\u0131l\u0131nda \u0130sve\u00e7\u2019te modern ve \u00e7a\u011fda\u015f sanat\u0131n te\u015fvik edilmesi amac\u0131yla kurulmu\u015ftur. M\u00fczede Pablo Picasso, Salvador Dal\u00ed, Louise Bourgeois ve Andy Warhol gibi d\u00fcnya \u00e7ap\u0131nda tan\u0131nm\u0131\u015f sanat\u00e7\u0131lar\u0131n eserleri bulunmaktad\u0131r. Ayr\u0131ca, \u0130skandinav modernizmi ve \u00e7a\u011fda\u015f sanat\u0131na dair kapsaml\u0131 bir koleksiyon da m\u00fcze eserleri aras\u0131ndad\u0131r. Film, foto\u011fraf ve heykel gibi \u00e7e\u015fitli sanat formlar\u0131n\u0131 i\u00e7eren m\u00fcze, d\u00fczenledi\u011fi yenilik\u00e7i sergiler ve etkinliklerle \u0130skandinav sanat\u0131n\u0131n uluslararas\u0131 alandaki g\u00f6r\u00fcn\u00fcrl\u00fc\u011f\u00fcn\u00fc art\u0131rmaya da katk\u0131 sa\u011flamaktad\u0131r.<\/p>\n\n\n\n<h2 class=\"wp-block-heading\">Metropolitan Sanat M\u00fczesi, New York, Amerika<\/h2>\n\n\n\n<figure class=\"wp-block-image size-full\"><img loading=\"lazy\" decoding=\"async\" width=\"794\" height=\"436\" src=\"https:\/\/ivasanat.com\/blog\/wp-content\/uploads\/2025\/01\/image-4.png\" alt=\"\" class=\"wp-image-1702\" title=\"\" srcset=\"https:\/\/ivasanat.com\/blog\/wp-content\/uploads\/2025\/01\/image-4.png 794w, https:\/\/ivasanat.com\/blog\/wp-content\/uploads\/2025\/01\/image-4-300x165.png 300w, https:\/\/ivasanat.com\/blog\/wp-content\/uploads\/2025\/01\/image-4-768x422.png 768w\" sizes=\"auto, (max-width: 794px) 100vw, 794px\" \/><\/figure>\n\n\n\n<p>Metropolitan Sanat M\u00fczesi, ya da en bilinen ad\u0131yla The Met, 1870 y\u0131l\u0131nda kurulmu\u015f ve 1872\u2019de halka a\u00e7\u0131k hale gelmi\u015ftir. New York\u2019ta yer alan m\u00fcze, d\u00fcnyan\u0131n en b\u00fcy\u00fck ve en kapsaml\u0131 sanat koleksiyonlar\u0131ndan birine sahiptir. Antik M\u0131s\u0131r\u2019dan Orta \u00c7a\u011f Avrupa\u2019s\u0131na, Afrika sanat\u0131 ve Amerikan modernizmine kadar geni\u015f bir yelpazeyi kapsayan m\u00fcze, New York\u2019ta <strong>mutlaka gidilmesi gereken m\u00fczeler<\/strong> aras\u0131nda yer almaktad\u0131r. Koleksiyonun \u00f6ne \u00e7\u0131kan eserleri aras\u0131nda M\u0131s\u0131r\u2019\u0131n \u00fcnl\u00fc \u201cTemple of Dendur\u201d, Rembrandt ve Van Gogh tablolar\u0131, ayr\u0131ca Rodin heykelleri yer almaktad\u0131r.<\/p>\n\n\n\n<h2 class=\"wp-block-heading\">Guggenheim Bilbao M\u00fczesi, \u0130spanya<\/h2>\n\n\n\n<figure class=\"wp-block-image size-large\"><img loading=\"lazy\" decoding=\"async\" width=\"1024\" height=\"682\" src=\"https:\/\/ivasanat.com\/blog\/wp-content\/uploads\/2025\/01\/image-5-1024x682.png\" alt=\"\" class=\"wp-image-1703\" title=\"\" srcset=\"https:\/\/ivasanat.com\/blog\/wp-content\/uploads\/2025\/01\/image-5-1024x682.png 1024w, https:\/\/ivasanat.com\/blog\/wp-content\/uploads\/2025\/01\/image-5-300x200.png 300w, https:\/\/ivasanat.com\/blog\/wp-content\/uploads\/2025\/01\/image-5-768x512.png 768w, https:\/\/ivasanat.com\/blog\/wp-content\/uploads\/2025\/01\/image-5.png 1154w\" sizes=\"auto, (max-width: 1024px) 100vw, 1024px\" \/><\/figure>\n\n\n\n<p>Guggenheim Bilbao M\u00fczesi, 1997 y\u0131l\u0131nda Frank Gehry\u2019nin \u00e7arp\u0131c\u0131 modern mimarisiyle a\u00e7\u0131lm\u0131\u015ft\u0131r. Bask b\u00f6lgesinde yer alan bu m\u00fcze, \u00e7a\u011fda\u015f sanat\u0131n en \u00f6nemli merkezlerinden biri olarak kabul edilmektedir. Richard Serra, Jeff Koons ve Anish Kapoor gibi \u00fcnl\u00fc sanat\u00e7\u0131lar\u0131n eserlerini bar\u0131nd\u0131ran m\u00fcze, ayr\u0131ca ge\u00e7ici sergileriyle de \u00e7e\u015fitli sanat\u00e7\u0131lar\u0131 da b\u00fcnyesinde bar\u0131nd\u0131rmaktad\u0131r. Ayr\u0131ca m\u00fczenin titanyum panellerle kapl\u0131 dinamik yap\u0131s\u0131, modern mimarinin bir ba\u015fyap\u0131t\u0131 olarak da bilinmektedir.<\/p>\n\n\n\n<h2 class=\"wp-block-heading\">British M\u00fczesi, Londra, \u0130ngiltere<\/h2>\n\n\n\n<figure class=\"wp-block-image size-large\"><img loading=\"lazy\" decoding=\"async\" width=\"1024\" height=\"700\" src=\"https:\/\/ivasanat.com\/blog\/wp-content\/uploads\/2025\/01\/image-6-1024x700.png\" alt=\"\" class=\"wp-image-1704\" title=\"\" srcset=\"https:\/\/ivasanat.com\/blog\/wp-content\/uploads\/2025\/01\/image-6-1024x700.png 1024w, https:\/\/ivasanat.com\/blog\/wp-content\/uploads\/2025\/01\/image-6-300x205.png 300w, https:\/\/ivasanat.com\/blog\/wp-content\/uploads\/2025\/01\/image-6-768x525.png 768w, https:\/\/ivasanat.com\/blog\/wp-content\/uploads\/2025\/01\/image-6.png 1166w\" sizes=\"auto, (max-width: 1024px) 100vw, 1024px\" \/><\/figure>\n\n\n\n<p>British Museum, 1753 y\u0131l\u0131nda kurulan ve 1759\u2019da halka a\u00e7\u0131k bir \u015fekilde ziyaret edilebilen ve d\u00fcnyan\u0131n ilk ulusal m\u00fczelerinden biridir. \u0130nsanl\u0131k tarihine dair zengin bir koleksiyona sahip olan m\u00fcze, her y\u0131l milyonlarca ziyaret\u00e7i bar\u0131nd\u0131rmaktad\u0131r. M\u0131s\u0131r hiyerogliflerinin \u00e7\u00f6z\u00fclmesini sa\u011flayan Rosetta Ta\u015f\u0131, Asur kabartmalar\u0131 ve Parthenon heykelleri m\u00fczenin en \u00f6nemli eserleri aras\u0131ndad\u0131r. Ayr\u0131ca, d\u00fcnya \u00e7ap\u0131nda farkl\u0131 k\u00fclt\u00fcrlere ait arkeolojik ve etnografik eserler koleksiyonu ile insanl\u0131k tarihinin en geni\u015f kapsaml\u0131 hikayesi de m\u00fczede yer almaktad\u0131r.<\/p>\n\n\n\n<h2 class=\"wp-block-heading\">Hermitage M\u00fczesi, St. Petersburg, Rusya<\/h2>\n\n\n\n<figure class=\"wp-block-image size-full\"><img loading=\"lazy\" decoding=\"async\" width=\"996\" height=\"407\" src=\"https:\/\/ivasanat.com\/blog\/wp-content\/uploads\/2025\/01\/image-7.png\" alt=\"\" class=\"wp-image-1705\" title=\"\" srcset=\"https:\/\/ivasanat.com\/blog\/wp-content\/uploads\/2025\/01\/image-7.png 996w, https:\/\/ivasanat.com\/blog\/wp-content\/uploads\/2025\/01\/image-7-300x123.png 300w, https:\/\/ivasanat.com\/blog\/wp-content\/uploads\/2025\/01\/image-7-768x314.png 768w\" sizes=\"auto, (max-width: 996px) 100vw, 996px\" \/><\/figure>\n\n\n\n<p>Hermitage M\u00fczesi, 1764 y\u0131l\u0131nda \u00c7ari\u00e7e II. Katerina taraf\u0131ndan kurulmu\u015ftur. St. Petersburg\u2019da yer alan bu devasa m\u00fcze, d\u00fcnyan\u0131n en eski ve en b\u00fcy\u00fck sanat koleksiyonlar\u0131ndan birine ev sahipli\u011fiyle bilinmektedir. 3 milyondan fazla eseri i\u00e7inde bar\u0131nd\u0131ran Hermitage, \u00f6zellikle Avrupa ve Sovyet sanat\u0131n\u0131 sergileyen \u00f6nemli bir merkezdir. Leonardo da Vinci, Rembrandt, Michelangelo ve Rafael gibi sanat\u00e7\u0131lar\u0131n eserleri m\u00fczede yer al\u0131rken, Rus sanat\u0131na ait \u00f6nemli par\u00e7alar da koleksiyonda bulunmaktad\u0131r. M\u00fcze, g\u00f6rkemli Winter Palace (K\u0131\u015f Saray\u0131) i\u00e7inde yer almaktad\u0131r.<\/p>\n\n\n\n<h2 class=\"wp-block-heading\">Louvre Abu Dhabi, Birle\u015fik Arap Emirlikleri<\/h2>\n\n\n\n<figure class=\"wp-block-image size-large\"><img loading=\"lazy\" decoding=\"async\" width=\"1024\" height=\"677\" src=\"https:\/\/ivasanat.com\/blog\/wp-content\/uploads\/2025\/01\/image-8-1024x677.png\" alt=\"\" class=\"wp-image-1706\" title=\"\" srcset=\"https:\/\/ivasanat.com\/blog\/wp-content\/uploads\/2025\/01\/image-8-1024x677.png 1024w, https:\/\/ivasanat.com\/blog\/wp-content\/uploads\/2025\/01\/image-8-300x198.png 300w, https:\/\/ivasanat.com\/blog\/wp-content\/uploads\/2025\/01\/image-8-768x507.png 768w, https:\/\/ivasanat.com\/blog\/wp-content\/uploads\/2025\/01\/image-8.png 1126w\" sizes=\"auto, (max-width: 1024px) 100vw, 1024px\" \/><\/figure>\n\n\n\n<p>Louvre Abu Dhabi, 2017 y\u0131l\u0131nda a\u00e7\u0131lm\u0131\u015f ve Fransa ile Birle\u015fik Arap Emirlikleri aras\u0131nda yap\u0131lan bir anla\u015fma ile Louvre\u2019un marka ad\u0131n\u0131 ta\u015f\u0131yan bir m\u00fczedir. Abu Dabi\u2019nin Saadiyat Adas\u0131\u2019nda yer alan bu m\u00fcze, d\u00fcnyadan farkl\u0131 k\u00fclt\u00fcrleri bir araya getiren bir platform olarak bilinmektedir. Koleksiyonu, \u0130slam sanat\u0131ndan Avrupa sanat\u0131na, Asya\u2019dan Afrika\u2019ya kadar geni\u015f bir yelpazeyi de kapsamaktad\u0131r. Monet, Van Gogh ve Leonardo da Vinci gibi Bat\u0131 sanat\u0131n\u0131n ba\u015fyap\u0131tlar\u0131n\u0131n yan\u0131 s\u0131ra, antik \u00e7a\u011flardan kalma eserler ve modern sanat\u0131n \u00f6nemli \u00f6rnekleri de galeride sergilenmektedir. Mimari a\u00e7\u0131dan etkileyici olan Louvre Abu Dhabi, tavan\u0131ndaki devasa kubbesiyle de \u00fcnl\u00fcd\u00fcr.<\/p>\n\n\n\n<h2 class=\"wp-block-heading\">\u0130slam Eserleri M\u00fczesi, Katar<\/h2>\n\n\n\n<figure class=\"wp-block-image size-full\"><img loading=\"lazy\" decoding=\"async\" width=\"887\" height=\"486\" src=\"https:\/\/ivasanat.com\/blog\/wp-content\/uploads\/2025\/01\/image-9.png\" alt=\"\" class=\"wp-image-1707\" title=\"\" srcset=\"https:\/\/ivasanat.com\/blog\/wp-content\/uploads\/2025\/01\/image-9.png 887w, https:\/\/ivasanat.com\/blog\/wp-content\/uploads\/2025\/01\/image-9-300x164.png 300w, https:\/\/ivasanat.com\/blog\/wp-content\/uploads\/2025\/01\/image-9-768x421.png 768w\" sizes=\"auto, (max-width: 887px) 100vw, 887px\" \/><\/figure>\n\n\n\n<p>\u0130slam Eserleri M\u00fczesi, 2008 y\u0131l\u0131nda Doha\u2019da a\u00e7\u0131lm\u0131\u015f ve \u0130slam d\u00fcnyas\u0131n\u0131n sanat ve k\u00fclt\u00fcr\u00fcne dair kapsaml\u0131 bir koleksiyon sunmaktad\u0131r. M\u00fcze, \u00f6zellikle \u0130slam sanat\u0131n\u0131n alt\u0131n \u00e7a\u011f\u0131ndan kalma eserlerle dikkat \u00e7eker. M\u00fcze eserleri, Kuran-\u0131 Kerim, hal\u0131lar, minyat\u00fcrler, seramikler, metal i\u015f\u00e7ili\u011fi ve tekstil \u00fcr\u00fcnlerinden olu\u015fmu\u015ftur. Ayr\u0131ca, Orta Do\u011fu\u2019nun tarihini, sanat\u0131 ve bilimini yans\u0131tan nadir eserler de m\u00fczede sergilenmektedir.<\/p>\n\n\n\n<h2 class=\"wp-block-heading\">Soumaya M\u00fczesi, Meksika<\/h2>\n\n\n\n<figure class=\"wp-block-image size-full\"><img loading=\"lazy\" decoding=\"async\" width=\"937\" height=\"601\" src=\"https:\/\/ivasanat.com\/blog\/wp-content\/uploads\/2025\/01\/image-10.png\" alt=\"\" class=\"wp-image-1708\" title=\"\" srcset=\"https:\/\/ivasanat.com\/blog\/wp-content\/uploads\/2025\/01\/image-10.png 937w, https:\/\/ivasanat.com\/blog\/wp-content\/uploads\/2025\/01\/image-10-300x192.png 300w, https:\/\/ivasanat.com\/blog\/wp-content\/uploads\/2025\/01\/image-10-768x493.png 768w\" sizes=\"auto, (max-width: 937px) 100vw, 937px\" \/><\/figure>\n\n\n\n<p>Soumaya M\u00fczesi, 1994 y\u0131l\u0131nda Meksika City\u2019de Carlos Slim taraf\u0131ndan kurulan \u00f6zel bir sanat koleksiyonudur. M\u00fczede, \u00f6zellikle Bat\u0131 sanat\u0131n\u0131n \u00f6nemli eserleri ve Meksikal\u0131 sanat\u00e7\u0131lar\u0131n yap\u0131tlar\u0131 sergilenmektedir. Koleksiyon, 60.000\u2019den fazla eseri i\u00e7ermekte ve Rodin, Dal\u00ed, Van Gogh ve Picasso gibi sanat\u00e7\u0131lar\u0131n \u00e7al\u0131\u015fmalar\u0131na ev sahipli\u011fi yapmaktad\u0131r. Ayr\u0131ca, Meksikal\u0131 ressamlar Diego Rivera ve David Alfaro Siqueiros\u2019un eserleri de m\u00fczede \u00f6nemli bir yere sahiptir.<\/p>\n\n\n\n<h2 class=\"wp-block-heading\">Erawan M\u00fczesi, Tayland<\/h2>\n\n\n\n<figure class=\"wp-block-image size-large\"><img loading=\"lazy\" decoding=\"async\" width=\"1024\" height=\"506\" src=\"https:\/\/ivasanat.com\/blog\/wp-content\/uploads\/2025\/01\/image-11-1024x506.png\" alt=\"\" class=\"wp-image-1709\" title=\"\" srcset=\"https:\/\/ivasanat.com\/blog\/wp-content\/uploads\/2025\/01\/image-11-1024x506.png 1024w, https:\/\/ivasanat.com\/blog\/wp-content\/uploads\/2025\/01\/image-11-300x148.png 300w, https:\/\/ivasanat.com\/blog\/wp-content\/uploads\/2025\/01\/image-11-768x380.png 768w, https:\/\/ivasanat.com\/blog\/wp-content\/uploads\/2025\/01\/image-11.png 1339w\" sizes=\"auto, (max-width: 1024px) 100vw, 1024px\" \/><\/figure>\n\n\n\n<p>Erawan M\u00fczesi, 2000 y\u0131l\u0131nda Tayland\u2019\u0131n Samut Prakan b\u00f6lgesinde a\u00e7\u0131lm\u0131\u015ft\u0131r ve Erawan Felsefesi\u2019ni yans\u0131tan bir yap\u0131ya sahiptir. M\u00fczenin i\u00e7 mekan\u0131nda dev bir \u00fc\u00e7 ba\u015fl\u0131 fil fig\u00fcr\u00fc bulunmakta, bu fig\u00fcr Tayland mitolojisinde \u00f6nemli bir sembol\u00fc temsil etmektedir. M\u00fcze, ayn\u0131 zamanda Tayland\u2019\u0131n tarihini ve k\u00fclt\u00fcr\u00fcn\u00fc anlatan heykeller, dini eserler ve geleneksel sanat \u00f6rnekleri ile zenginle\u015ftirilmi\u015ftir. M\u00fcze ziyaret\u00e7ileri, Tayland\u2019\u0131n zengin tarihini ke\u015ffederken, e\u015fsiz bir k\u00fclt\u00fcrel deneyim ya\u015fama f\u0131rsat\u0131 da bulurlar.<\/p>\n","protected":false},"excerpt":{"rendered":"<p>M\u00fczeler, ge\u00e7mi\u015fin izlerini bug\u00fcne ta\u015f\u0131yan, k\u00fclt\u00fcrel ve tarihi miras\u0131n korunmas\u0131n\u0131 sa\u011flayan \u00f6nemli kurumlard\u0131r. Ayr\u0131ca, m\u00fczeler, toplumlar\u0131n kimli\u011fini ve tarihini yans\u0131tan eserleri sergileyerek, ziyaret\u00e7ilere tarihsel bir perspektif ve k\u00fclt\u00fcrel \u00e7e\u015fitlilik sunmaktad\u0131r. Ayr\u0131ca, e\u011fitim ve ara\u015ft\u0131rma a\u00e7\u0131s\u0131ndan da m\u00fczelerin \u00f6nemi olduk\u00e7a b\u00fcy\u00fckt\u00fcr ve insanlar\u0131n sanat, bilim, tarih ve k\u00fclt\u00fcr konular\u0131nda bilgi edinmelerine olanak tan\u0131rken, gen\u00e7 nesillere bu [&hellip;]<\/p>\n","protected":false},"author":2,"featured_media":1722,"comment_status":"open","ping_status":"open","sticky":false,"template":"","format":"standard","meta":{"_gspb_post_css":"","footnotes":""},"categories":[43],"tags":[],"class_list":["post-1694","post","type-post","status-publish","format-standard","has-post-thumbnail","hentry","category-muzeler"],"blocksy_meta":[],"_links":{"self":[{"href":"https:\/\/ivasanat.com\/blog\/wp-json\/wp\/v2\/posts\/1694","targetHints":{"allow":["GET"]}}],"collection":[{"href":"https:\/\/ivasanat.com\/blog\/wp-json\/wp\/v2\/posts"}],"about":[{"href":"https:\/\/ivasanat.com\/blog\/wp-json\/wp\/v2\/types\/post"}],"author":[{"embeddable":true,"href":"https:\/\/ivasanat.com\/blog\/wp-json\/wp\/v2\/users\/2"}],"replies":[{"embeddable":true,"href":"https:\/\/ivasanat.com\/blog\/wp-json\/wp\/v2\/comments?post=1694"}],"version-history":[{"count":1,"href":"https:\/\/ivasanat.com\/blog\/wp-json\/wp\/v2\/posts\/1694\/revisions"}],"predecessor-version":[{"id":1710,"href":"https:\/\/ivasanat.com\/blog\/wp-json\/wp\/v2\/posts\/1694\/revisions\/1710"}],"wp:featuredmedia":[{"embeddable":true,"href":"https:\/\/ivasanat.com\/blog\/wp-json\/wp\/v2\/media\/1722"}],"wp:attachment":[{"href":"https:\/\/ivasanat.com\/blog\/wp-json\/wp\/v2\/media?parent=1694"}],"wp:term":[{"taxonomy":"category","embeddable":true,"href":"https:\/\/ivasanat.com\/blog\/wp-json\/wp\/v2\/categories?post=1694"},{"taxonomy":"post_tag","embeddable":true,"href":"https:\/\/ivasanat.com\/blog\/wp-json\/wp\/v2\/tags?post=1694"}],"curies":[{"name":"wp","href":"https:\/\/api.w.org\/{rel}","templated":true}]}}