{"id":1478,"date":"2024-11-28T15:07:34","date_gmt":"2024-11-28T12:07:34","guid":{"rendered":"https:\/\/ivasanat.com\/blog\/?p=1478"},"modified":"2026-04-28T12:11:55","modified_gmt":"2026-04-28T09:11:55","slug":"madrid-prado-muzesinde-gorulmesi-gereken-eserler","status":"publish","type":"post","link":"https:\/\/ivasanat.com\/blog\/madrid-prado-muzesinde-gorulmesi-gereken-eserler\/","title":{"rendered":"Madrid Prado M\u00fczesi G\u00f6r\u00fclmesi Gereken Eserler"},"content":{"rendered":"\n<p>Madrid\u2019in merkezinde yer alan Museo Nacional <strong>del Prado<\/strong>, \u0130spanya\u2019n\u0131n en \u00f6nemli ulusal sanat m\u00fczelerinden biridir. <strong>Prado m\u00fczesi<\/strong>, 12. y\u00fczy\u0131ldan 20. y\u00fczy\u0131l ba\u015flar\u0131na kadar uzanan Avrupa sanat\u0131na ve \u0130spanyol sanat\u0131n\u0131n en se\u00e7kin \u00f6rneklerine dayal\u0131 zengin koleksiyonlara sahiptir. K\u00f6keni eski \u0130spanyol kraliyet koleksiyonlar\u0131na dayanan <strong>Madrid m\u00fcze<\/strong> binas\u0131, 1819 y\u0131l\u0131nda <a href=\"https:\/\/ivasanat.com\/resim\">resim<\/a> ve <a href=\"https:\/\/ivasanat.com\/heykel\">heykel<\/a> m\u00fczesi olarak kurulmu\u015f, zamanla farkl\u0131 sanat t\u00fcrlerine ait \u00f6nemli eserleri de b\u00fcnyesine katm\u0131\u015ft\u0131r. Koleksiyonda \u00f6zellikle Francisco Goya, Hieronymus Bosch, El Greco, Peter Paul Rubens, Titian ve Diego Vel\u00e1zquez gibi sanat\u00e7\u0131lar\u0131n eserleri \u00f6ne \u00e7\u0131kmaktad\u0131r.\u00a0<\/p>\n\n\n\n<p>Koleksiyonda \u015fu anda yakla\u015f\u0131k 8 bin 200 \u00e7izim, 7 bin 600 resim, 4 bin 800 bask\u0131 ve bin heykelin yan\u0131 s\u0131ra \u00e7ok say\u0131da sanat eseri ve tarihi belge de yer almaktad\u0131r. Dolay\u0131s\u0131yla, <a href=\"https:\/\/ivasanat.com\/\">IVA Sanat<\/a> olarak haz\u0131rlad\u0131\u011f\u0131m\u0131z bu yaz\u0131da, m\u00fczenin b\u00fcnyesinde bulunan \u00f6nemli eserlere \u0131\u015f\u0131k tutmay\u0131 hedeflemekteyiz.\u00a0<\/p>\n\n\n\n<h2 class=\"wp-block-heading\">Hieronymus Bosch, \u201cGarden of Earthly Delights\u201d (D\u00fcnyevi Zevkler Bah\u00e7esi); 1510<\/h2>\n\n\n\n<figure class=\"wp-block-image size-full\"><img loading=\"lazy\" decoding=\"async\" width=\"780\" height=\"436\" src=\"https:\/\/ivasanat.com\/blog\/wp-content\/uploads\/2024\/11\/dunyevi-zevkler-bahcesi.jpg\" alt=\"D\u00fcnyevi Zevkler Bah\u00e7esi\" class=\"wp-image-1479\" title=\"\" srcset=\"https:\/\/ivasanat.com\/blog\/wp-content\/uploads\/2024\/11\/dunyevi-zevkler-bahcesi.jpg 780w, https:\/\/ivasanat.com\/blog\/wp-content\/uploads\/2024\/11\/dunyevi-zevkler-bahcesi-300x168.jpg 300w, https:\/\/ivasanat.com\/blog\/wp-content\/uploads\/2024\/11\/dunyevi-zevkler-bahcesi-768x429.jpg 768w\" sizes=\"auto, (max-width: 780px) 100vw, 780px\" \/><\/figure>\n\n\n\n<p>Hieronymus Bosch\u2019un \u201cD\u00fcnyevi Zevkler Bah\u00e7esi\u201d adl\u0131 eseri, sanat tarihinin en karma\u015f\u0131k ve simgesel eserlerinden biridir. \u00dc\u00e7 panelli bir triptik olan bu tablonun, insanl\u0131\u011f\u0131n cennetten d\u00fcnyaya ve cehenneme uzanan yolculu\u011funu anlatt\u0131\u011f\u0131 d\u00fc\u015f\u00fcn\u00fclmektedir. D\u00fc\u015f\u00fcn\u00fcrlere g\u00f6re sol panel, Adem ve Havva\u2019n\u0131n yarat\u0131l\u0131\u015f\u0131n\u0131 ve cennet bah\u00e7esindeki masumiyeti tasvir ederken, merkez panel, insanlar\u0131n d\u00fcnyevi zevklere dalm\u0131\u015f oldu\u011fu karma\u015f\u0131k bir sahne sunar. Burada \u00f6zellikle erotizm, hedonizm ve \u00e7ok say\u0131da fantastik \u00f6\u011fe dikkat \u00e7ekmektedir. Sa\u011f panel ise cehennemi ve g\u00fcnahlar\u0131n cezaland\u0131r\u0131lmas\u0131n\u0131 \u00e7arp\u0131c\u0131 bir \u015fekilde betimler ve karanl\u0131k, grotesk detaylar bu sahneye h\u00e2kimdir.<\/p>\n\n\n\n<h2 class=\"wp-block-heading\">Titian, \u201cThe Bacchanal of the Andrians\u201d (Andrial\u0131lar\u0131n Bacchanal\u2019\u0131); 1526<\/h2>\n\n\n\n<figure class=\"wp-block-image size-large\"><img loading=\"lazy\" decoding=\"async\" width=\"1024\" height=\"926\" src=\"https:\/\/ivasanat.com\/blog\/wp-content\/uploads\/2024\/11\/Titian-The-Bacchanal-of-the-Andrians-Andrialilarin-Bacchanali-1526-1024x926.jpg\" alt=\"Andrial\u0131lar\u0131n Bacchanal\u2019\u0131\" class=\"wp-image-1480\" title=\"\" srcset=\"https:\/\/ivasanat.com\/blog\/wp-content\/uploads\/2024\/11\/Titian-The-Bacchanal-of-the-Andrians-Andrialilarin-Bacchanali-1526-1024x926.jpg 1024w, https:\/\/ivasanat.com\/blog\/wp-content\/uploads\/2024\/11\/Titian-The-Bacchanal-of-the-Andrians-Andrialilarin-Bacchanali-1526-300x271.jpg 300w, https:\/\/ivasanat.com\/blog\/wp-content\/uploads\/2024\/11\/Titian-The-Bacchanal-of-the-Andrians-Andrialilarin-Bacchanali-1526-768x695.jpg 768w, https:\/\/ivasanat.com\/blog\/wp-content\/uploads\/2024\/11\/Titian-The-Bacchanal-of-the-Andrians-Andrialilarin-Bacchanali-1526-1536x1390.jpg 1536w, https:\/\/ivasanat.com\/blog\/wp-content\/uploads\/2024\/11\/Titian-The-Bacchanal-of-the-Andrians-Andrialilarin-Bacchanali-1526.jpg 1920w\" sizes=\"auto, (max-width: 1024px) 100vw, 1024px\" \/><\/figure>\n\n\n\n<p>Titian\u2019\u0131n 1526 y\u0131l\u0131nda tamamlad\u0131\u011f\u0131 The Bacchanal of the Andrians (Andrial\u0131lar\u0131n Bacchanal\u2019\u0131), R\u00f6nesans d\u00f6nemi resim sanat\u0131n\u0131n en etkileyici \u00f6rneklerinden biridir. Resim, Yunan mitolojisinde \u015farap tanr\u0131s\u0131 Dionysos\u2019a adanan bir festival sahnesini tasvir eder ve \u0130talya\u2019n\u0131n Ferrara D\u00fck\u00fc Alfonso I d\u2019Este i\u00e7in sipari\u015f edilen bir dizi eser aras\u0131nda yer al\u0131r. Eser, Dionysos\u2019un takip\u00e7ilerinin \u015farap ve m\u00fczik e\u015fli\u011finde kutlama yapt\u0131\u011f\u0131 bir atmosferi yans\u0131tarak canl\u0131 bir ne\u015fe ve co\u015fku hissi uyand\u0131r\u0131r.<\/p>\n\n\n\n<h2 class=\"wp-block-heading\">Francisco Goya, \u201cThird of May 1808\u201d (\u00dc\u00e7 May\u0131s 1808); 1814<\/h2>\n\n\n\n<figure class=\"wp-block-image size-large\"><img loading=\"lazy\" decoding=\"async\" width=\"1024\" height=\"791\" src=\"https:\/\/ivasanat.com\/blog\/wp-content\/uploads\/2024\/11\/Francisco-Goya-Third-of-May-1808-Uc-Mayis-1808-1814-1024x791.jpg\" alt=\"\u00dc\u00e7 May\u0131s 1808\" class=\"wp-image-1481\" title=\"\" srcset=\"https:\/\/ivasanat.com\/blog\/wp-content\/uploads\/2024\/11\/Francisco-Goya-Third-of-May-1808-Uc-Mayis-1808-1814-1024x791.jpg 1024w, https:\/\/ivasanat.com\/blog\/wp-content\/uploads\/2024\/11\/Francisco-Goya-Third-of-May-1808-Uc-Mayis-1808-1814-300x232.jpg 300w, https:\/\/ivasanat.com\/blog\/wp-content\/uploads\/2024\/11\/Francisco-Goya-Third-of-May-1808-Uc-Mayis-1808-1814-768x593.jpg 768w, https:\/\/ivasanat.com\/blog\/wp-content\/uploads\/2024\/11\/Francisco-Goya-Third-of-May-1808-Uc-Mayis-1808-1814-1536x1186.jpg 1536w, https:\/\/ivasanat.com\/blog\/wp-content\/uploads\/2024\/11\/Francisco-Goya-Third-of-May-1808-Uc-Mayis-1808-1814.jpg 1920w\" sizes=\"auto, (max-width: 1024px) 100vw, 1024px\" \/><\/figure>\n\n\n\n<p>Francisco Goya\u2019n\u0131n 1814 y\u0131l\u0131nda tamamlad\u0131\u011f\u0131 Third of May 1808 (\u00dc\u00e7 May\u0131s 1808), sanat tarihinde sava\u015f\u0131n insan \u00fczerindeki y\u0131k\u0131c\u0131 etkilerini \u00e7arp\u0131c\u0131 bir \u015fekilde betimleyen en g\u00fc\u00e7l\u00fc eserlerden biridir. Resim, 1808\u2019deki \u0130spanyol halk\u0131n\u0131n Frans\u0131z i\u015fgaline kar\u015f\u0131 ba\u015flatt\u0131\u011f\u0131 direni\u015fi ve bu direni\u015fi takip eden ac\u0131mas\u0131z infaz sahnelerini konu al\u0131r. Goya, bu tabloyu, Napolyon\u2019un askerlerinin Madrid\u2019de isyana kat\u0131lan \u0130spanyollar\u0131 topluca idam etti\u011fi trajik bir geceyi \u00f6l\u00fcms\u00fczle\u015ftirmek i\u00e7in yaratm\u0131\u015ft\u0131r.<\/p>\n\n\n\n<h2 class=\"wp-block-heading\">Peter Paul Rubens, \u201cThe Three Graces\u201d (\u00dc\u00e7 G\u00fczeller); 1635<\/h2>\n\n\n\n<figure class=\"wp-block-image size-full\"><img loading=\"lazy\" decoding=\"async\" width=\"530\" height=\"669\" src=\"https:\/\/ivasanat.com\/blog\/wp-content\/uploads\/2024\/11\/Peter-Paul-Rubens-The-Three-Graces-Uc-Guzeller-1635.webp\" alt=\"\u00dc\u00e7 G\u00fczeller\" class=\"wp-image-1482\" title=\"\" srcset=\"https:\/\/ivasanat.com\/blog\/wp-content\/uploads\/2024\/11\/Peter-Paul-Rubens-The-Three-Graces-Uc-Guzeller-1635.webp 530w, https:\/\/ivasanat.com\/blog\/wp-content\/uploads\/2024\/11\/Peter-Paul-Rubens-The-Three-Graces-Uc-Guzeller-1635-238x300.webp 238w\" sizes=\"auto, (max-width: 530px) 100vw, 530px\" \/><\/figure>\n\n\n\n<p><strong>Peter Paul Rubens eserleri<\/strong> aras\u0131nda yer alan s\u00f6z konusu <strong>\u00dc\u00e7 G\u00fczeller tablosu<\/strong>, tanr\u0131\u00e7alar\u0131 resmetmesi ile bilinir ve bu muhte\u015fem eser <strong>Rubens eserleri<\/strong> aras\u0131nda en bilineni olarak \u00f6ne \u00e7\u0131kmaktad\u0131r. Eserde \u00fc\u00e7 tanr\u0131\u00e7a birbirlerine sar\u0131larak bir daire olu\u015fturmakta ve nazik\u00e7e dans ediyor gibi g\u00f6r\u00fcnen ayaklar\u0131n\u0131n konumu hareketi \u00e7a\u011fr\u0131\u015ft\u0131rmaktad\u0131r. \u00dcnl\u00fc sanat ele\u015ftirmenleri uzun zamand\u0131r eserin solundaki fig\u00fcr\u00fcn sanat\u00e7\u0131n\u0131n ikinci kar\u0131s\u0131 Helena Fourment&#8217;\u0131n portrelerine benzedi\u011fini belirtmektedir. Di\u011fer iki kad\u0131n ona bak\u0131yor ve onu kar\u015f\u0131l\u0131yor gibi g\u00f6z\u00fckmektedir. Bu anlat\u0131y\u0131 takip edersek, eserdeki a\u011fac\u0131n dal\u0131ndan sarkan giysilerin sahibinin o oldu\u011fu s\u00f6ylenebilir.<\/p>\n\n\n\n<h2 class=\"wp-block-heading\">El Greco, \u201cThe Adoration of the Shepherds\u201d (\u00c7obanlar\u0131n Hayranl\u0131\u011f\u0131); 1612-1614<\/h2>\n\n\n\n<figure class=\"wp-block-image size-large\"><img loading=\"lazy\" decoding=\"async\" width=\"1024\" height=\"831\" src=\"https:\/\/ivasanat.com\/blog\/wp-content\/uploads\/2024\/11\/image-22-1024x831.png\" alt=\"\u00c7obanlar\u0131n Hayranl\u0131\u011f\u0131\" class=\"wp-image-1483\" title=\"\" srcset=\"https:\/\/ivasanat.com\/blog\/wp-content\/uploads\/2024\/11\/image-22-1024x831.png 1024w, https:\/\/ivasanat.com\/blog\/wp-content\/uploads\/2024\/11\/image-22-300x244.png 300w, https:\/\/ivasanat.com\/blog\/wp-content\/uploads\/2024\/11\/image-22-768x624.png 768w, https:\/\/ivasanat.com\/blog\/wp-content\/uploads\/2024\/11\/image-22.png 1138w\" sizes=\"auto, (max-width: 1024px) 100vw, 1024px\" \/><\/figure>\n\n\n\n<p><strong>El Greco sanat eseri<\/strong> olan The Adoration of the Shepherds (\u00c7obanlar\u0131n Hayranl\u0131\u011f\u0131), sanat\u00e7\u0131n\u0131n ge\u00e7 d\u00f6nem eserlerinden biri olup, yo\u011fun duygusall\u0131\u011f\u0131 ve dramatik anlat\u0131m\u0131yla dikkat \u00e7ekmektedir. Eser, Yeni Ahit\u2019te anlat\u0131lan, \u00e7obanlar\u0131n \u0130sa\u2019n\u0131n do\u011fumunun ard\u0131ndan onu g\u00f6rmeye geldikleri an\u0131 tasvir eder. Bu dini sahne, El Greco\u2019nun kendine \u00f6zg\u00fc \u00fcslubuyla, uzun ve zarif fig\u00fcrler, canl\u0131 renkler ve mistik bir atmosferle hayat bulmaktad\u0131r. Kompozisyonun merkezinde, bir yemlikte yatan bebek \u0130sa, g\u00f6ksel bir \u0131\u015f\u0131k kayna\u011f\u0131 olarak sahneyi ayd\u0131nlat\u0131r. Etraf\u0131nda \u00e7obanlar, Meryem ve di\u011fer fig\u00fcrler, derin bir hayranl\u0131k ve huzur i\u00e7inde betimlenmi\u015ftir.<\/p>\n\n\n\n<h2 class=\"wp-block-heading\">Diego Vel\u00e1zquez, \u201cLas Meninas\u201d (Nedimeler); 1656<\/h2>\n\n\n\n<figure class=\"wp-block-image size-large\"><img loading=\"lazy\" decoding=\"async\" width=\"1024\" height=\"671\" src=\"https:\/\/ivasanat.com\/blog\/wp-content\/uploads\/2024\/11\/image-23-1024x671.png\" alt=\"Nedimeler\" class=\"wp-image-1484\" title=\"\" srcset=\"https:\/\/ivasanat.com\/blog\/wp-content\/uploads\/2024\/11\/image-23-1024x671.png 1024w, https:\/\/ivasanat.com\/blog\/wp-content\/uploads\/2024\/11\/image-23-300x197.png 300w, https:\/\/ivasanat.com\/blog\/wp-content\/uploads\/2024\/11\/image-23-768x503.png 768w, https:\/\/ivasanat.com\/blog\/wp-content\/uploads\/2024\/11\/image-23-1536x1007.png 1536w, https:\/\/ivasanat.com\/blog\/wp-content\/uploads\/2024\/11\/image-23.png 2020w\" sizes=\"auto, (max-width: 1024px) 100vw, 1024px\" \/><\/figure>\n\n\n\n<p>Diego Vel\u00e1zquez\u2019in 1656 y\u0131l\u0131nda tamamlad\u0131\u011f\u0131 Las Meninas (Nedimeler), sanat tarihinin en \u00e7ok tart\u0131\u015f\u0131lan ve en etkileyici eserlerinden biridir. Madrid\u2019deki Kraliyet Saray\u0131\u2019nda ge\u00e7en bu karma\u015f\u0131k kompozisyon, d\u00f6nemin \u0130spanyol monar\u015fisi ve Vel\u00e1zquez\u2019in kendisi hakk\u0131nda zengin sembolik ve sanatsal katmanlar sunar. Tablo, g\u00f6r\u00fcn\u00fcrde Vel\u00e1zquez\u2019in k\u00fc\u00e7\u00fck Infanta Margarita\u2019y\u0131 ve \u00e7evresindeki nedimeleri tasvir etti\u011fi bir sahne gibi g\u00f6r\u00fcnse de, eserin derinli\u011fi \u00e7ok daha fazlas\u0131n\u0131 i\u00e7erir.<\/p>\n\n\n\n<p>Kompozisyonun merkezinde yer alan gen\u00e7 prenses Infanta Margarita, nedimeler, c\u00fcceler ve bir k\u00f6pekle \u00e7evrilidir. Vel\u00e1zquez, kendisini de bu sahnenin i\u00e7ine dahil etmi\u015f ve arka planda yer alan b\u00fcy\u00fck bir tuvali resmederken betimlemi\u015ftir. Ayn\u0131 zamanda, tabloda dikkat \u00e7eken di\u011fer bir unsur, arka duvarda as\u0131l\u0131 bir aynada Kral IV. Felipe ve Krali\u00e7e Mariana\u2019n\u0131n yans\u0131mas\u0131n\u0131n bulunmas\u0131d\u0131r. Bu detay, izleyiciyi resmin i\u00e7indeki bir kat\u0131l\u0131mc\u0131 gibi hissettiren bir perspektif yan\u0131lsamas\u0131 yarat\u0131r<\/p>\n\n\n\n<h2 class=\"wp-block-heading\">Fra Angelico, \u201cThe Annunciation\u201d (Duyuru); 1425-1426<\/h2>\n\n\n\n<figure class=\"wp-block-image size-large\"><img loading=\"lazy\" decoding=\"async\" width=\"1024\" height=\"749\" src=\"https:\/\/ivasanat.com\/blog\/wp-content\/uploads\/2024\/11\/image-24-1024x749.png\" alt=\"Duyuru\" class=\"wp-image-1485\" title=\"\" srcset=\"https:\/\/ivasanat.com\/blog\/wp-content\/uploads\/2024\/11\/image-24-1024x749.png 1024w, https:\/\/ivasanat.com\/blog\/wp-content\/uploads\/2024\/11\/image-24-300x220.png 300w, https:\/\/ivasanat.com\/blog\/wp-content\/uploads\/2024\/11\/image-24-768x562.png 768w, https:\/\/ivasanat.com\/blog\/wp-content\/uploads\/2024\/11\/image-24-1536x1124.png 1536w, https:\/\/ivasanat.com\/blog\/wp-content\/uploads\/2024\/11\/image-24.png 1604w\" sizes=\"auto, (max-width: 1024px) 100vw, 1024px\" \/><\/figure>\n\n\n\n<p>Fra Angelico\u2019nun 1425-1426 y\u0131llar\u0131nda tamamlad\u0131\u011f\u0131 The Annunciation (Duyuru), Erken R\u00f6nesans sanat\u0131n\u0131n manevi derinli\u011fini ve estetik zarafetini yans\u0131tan bir ba\u015fyap\u0131tt\u0131r. Eser, \u0130sa\u2019n\u0131n do\u011fumunun m\u00fcjdelendi\u011fi sahneyi tasvir eder. Ba\u015fmelek Cebrail, Meryem\u2019e yakla\u015f\u0131p Tanr\u0131\u2019n\u0131n mesaj\u0131n\u0131 iletirken, kompozisyon, kutsall\u0131k ve sakinlik duygusunu izleyiciye derinden hissettirir.<\/p>\n\n\n\n<h2 class=\"wp-block-heading\">Rogier van der Weyden, \u201cDescent from the Cross\u201d (Ha\u00e7tan \u0130ni\u015f); 1435<\/h2>\n\n\n\n<figure class=\"wp-block-image size-large\"><img loading=\"lazy\" decoding=\"async\" width=\"1024\" height=\"802\" src=\"https:\/\/ivasanat.com\/blog\/wp-content\/uploads\/2024\/11\/image-25-1024x802.png\" alt=\"Ha\u00e7tan \u0130ni\u015f\" class=\"wp-image-1486\" title=\"\" srcset=\"https:\/\/ivasanat.com\/blog\/wp-content\/uploads\/2024\/11\/image-25-1024x802.png 1024w, https:\/\/ivasanat.com\/blog\/wp-content\/uploads\/2024\/11\/image-25-300x235.png 300w, https:\/\/ivasanat.com\/blog\/wp-content\/uploads\/2024\/11\/image-25-768x602.png 768w, https:\/\/ivasanat.com\/blog\/wp-content\/uploads\/2024\/11\/image-25-1536x1203.png 1536w, https:\/\/ivasanat.com\/blog\/wp-content\/uploads\/2024\/11\/image-25.png 1626w\" sizes=\"auto, (max-width: 1024px) 100vw, 1024px\" \/><\/figure>\n\n\n\n<p>Rogier van der Weyden\u2019in s\u00f6z konusu eseri, 1435-1440 y\u0131llar\u0131 aras\u0131nda tamamlanm\u0131\u015f ve Kuzey R\u00f6nesans\u0131\u2019n\u0131n en etkileyici ba\u015fyap\u0131tlar\u0131ndan biri olarak kabul edilmi\u015ftir. \u0130sa\u2019n\u0131n \u00e7arm\u0131htan indirili\u015fini konu alan bu eser, hem teknik hem de duygusal a\u00e7\u0131dan son derece etkileyicidir. Eserde, \u0130sa\u2019n\u0131n cans\u0131z bedeni, Meryem Ana, havariler ve di\u011fer fig\u00fcrlerin g\u00fc\u00e7l\u00fc duygusal tepkileri e\u015fli\u011finde tasvir edilir.<\/p>\n\n\n\n<h2 class=\"wp-block-heading\">Madrazo y Garreta, Raimundo de, \u201cPortrait of Josefa Manzanedo\u201d (Josefa Manzanedo Portresi); 1875<\/h2>\n\n\n\n<figure class=\"wp-block-image size-large\"><img loading=\"lazy\" decoding=\"async\" width=\"567\" height=\"1024\" src=\"https:\/\/ivasanat.com\/blog\/wp-content\/uploads\/2024\/11\/image-26-567x1024.png\" alt=\"Portrait of Josefa Manzanedo\" class=\"wp-image-1487\" title=\"\" srcset=\"https:\/\/ivasanat.com\/blog\/wp-content\/uploads\/2024\/11\/image-26-567x1024.png 567w, https:\/\/ivasanat.com\/blog\/wp-content\/uploads\/2024\/11\/image-26-166x300.png 166w, https:\/\/ivasanat.com\/blog\/wp-content\/uploads\/2024\/11\/image-26.png 612w\" sizes=\"auto, (max-width: 567px) 100vw, 567px\" \/><\/figure>\n\n\n\n<p>19. y\u00fczy\u0131l \u0130spanyol portre gelene\u011finin zarif bir \u00f6rne\u011fi olan bu eserde, Josefa Manzanedo adl\u0131 kad\u0131n\u0131n, d\u00f6nemin aristokratik zarafetini ve sosyal stat\u00fcs\u00fcn\u00fc yans\u0131tan bir \u015fekilde betimlendi\u011fi g\u00f6r\u00fcl\u00fcr. Madrazo, fig\u00fcr\u00fcn portresini, kad\u0131ns\u0131 zarafeti ve sofistike duru\u015fu vurgulayarak yarat\u0131r. Josefa Manzanedo\u2019nun giydi\u011fi d\u00f6nemin modas\u0131na uygun elbisesi, ince ayr\u0131nt\u0131larla i\u015flenmi\u015f ve resmin genel atmosferine zenginlik katm\u0131\u015ft\u0131r.<\/p>\n\n\n\n<h2 class=\"wp-block-heading\">Raphael, \u201cPortrait of a Cardinal\u201d (Kardinal Portresi); 1510-1511<\/h2>\n\n\n\n<figure class=\"wp-block-image size-large\"><img loading=\"lazy\" decoding=\"async\" width=\"795\" height=\"1024\" src=\"https:\/\/ivasanat.com\/blog\/wp-content\/uploads\/2024\/11\/image-27-795x1024.png\" alt=\"Kardinal Portresi\" class=\"wp-image-1488\" title=\"\" srcset=\"https:\/\/ivasanat.com\/blog\/wp-content\/uploads\/2024\/11\/image-27-795x1024.png 795w, https:\/\/ivasanat.com\/blog\/wp-content\/uploads\/2024\/11\/image-27-233x300.png 233w, https:\/\/ivasanat.com\/blog\/wp-content\/uploads\/2024\/11\/image-27-768x989.png 768w, https:\/\/ivasanat.com\/blog\/wp-content\/uploads\/2024\/11\/image-27.png 1034w\" sizes=\"auto, (max-width: 795px) 100vw, 795px\" \/><\/figure>\n\n\n\n<p>Raphael\u2019in 1510-1511 y\u0131llar\u0131nda yapt\u0131\u011f\u0131 Portrait of a Cardinal (Kardinal Portresi), R\u00f6nesans portre gelene\u011finin \u00f6ne \u00e7\u0131kan \u00f6rneklerinden biridir ve sanat\u00e7\u0131n\u0131n insan y\u00fcz\u00fc \u00fczerindeki ustal\u0131\u011f\u0131n\u0131 g\u00f6zler \u00f6n\u00fcne serer. Eserde, kardinalin resmi bir \u015fekilde giyinmi\u015f oldu\u011fu, derin k\u0131rm\u0131z\u0131 tonlar\u0131ndaki elbisesi, onun y\u00fcksek sosyal stat\u00fcs\u00fcn\u00fc ve dini makam\u0131n\u0131 simgelemektedir. Bu renklerin, portredeki zenginlik ve ciddiyetle uyumlu bir \u015fekilde kullan\u0131lmas\u0131, d\u00f6nemin R\u00f6nesans aristokrasisinin estetik anlay\u0131\u015f\u0131n\u0131 da yans\u0131tmaktad\u0131r.&nbsp;<\/p>\n","protected":false},"excerpt":{"rendered":"<p>Madrid\u2019in merkezinde yer alan Museo Nacional del Prado, \u0130spanya\u2019n\u0131n en \u00f6nemli ulusal sanat m\u00fczelerinden biridir. Prado m\u00fczesi, 12. y\u00fczy\u0131ldan 20. y\u00fczy\u0131l ba\u015flar\u0131na kadar uzanan Avrupa sanat\u0131na ve \u0130spanyol sanat\u0131n\u0131n en se\u00e7kin \u00f6rneklerine dayal\u0131 zengin koleksiyonlara sahiptir. K\u00f6keni eski \u0130spanyol kraliyet koleksiyonlar\u0131na dayanan Madrid m\u00fcze binas\u0131, 1819 y\u0131l\u0131nda resim ve heykel m\u00fczesi olarak kurulmu\u015f, zamanla farkl\u0131 [&hellip;]<\/p>\n","protected":false},"author":2,"featured_media":1489,"comment_status":"open","ping_status":"open","sticky":false,"template":"","format":"standard","meta":{"_gspb_post_css":"","footnotes":""},"categories":[43],"tags":[],"class_list":["post-1478","post","type-post","status-publish","format-standard","has-post-thumbnail","hentry","category-muzeler"],"blocksy_meta":[],"_links":{"self":[{"href":"https:\/\/ivasanat.com\/blog\/wp-json\/wp\/v2\/posts\/1478","targetHints":{"allow":["GET"]}}],"collection":[{"href":"https:\/\/ivasanat.com\/blog\/wp-json\/wp\/v2\/posts"}],"about":[{"href":"https:\/\/ivasanat.com\/blog\/wp-json\/wp\/v2\/types\/post"}],"author":[{"embeddable":true,"href":"https:\/\/ivasanat.com\/blog\/wp-json\/wp\/v2\/users\/2"}],"replies":[{"embeddable":true,"href":"https:\/\/ivasanat.com\/blog\/wp-json\/wp\/v2\/comments?post=1478"}],"version-history":[{"count":1,"href":"https:\/\/ivasanat.com\/blog\/wp-json\/wp\/v2\/posts\/1478\/revisions"}],"predecessor-version":[{"id":1490,"href":"https:\/\/ivasanat.com\/blog\/wp-json\/wp\/v2\/posts\/1478\/revisions\/1490"}],"wp:featuredmedia":[{"embeddable":true,"href":"https:\/\/ivasanat.com\/blog\/wp-json\/wp\/v2\/media\/1489"}],"wp:attachment":[{"href":"https:\/\/ivasanat.com\/blog\/wp-json\/wp\/v2\/media?parent=1478"}],"wp:term":[{"taxonomy":"category","embeddable":true,"href":"https:\/\/ivasanat.com\/blog\/wp-json\/wp\/v2\/categories?post=1478"},{"taxonomy":"post_tag","embeddable":true,"href":"https:\/\/ivasanat.com\/blog\/wp-json\/wp\/v2\/tags?post=1478"}],"curies":[{"name":"wp","href":"https:\/\/api.w.org\/{rel}","templated":true}]}}