{"id":1010,"date":"2024-07-26T14:50:00","date_gmt":"2024-07-26T11:50:00","guid":{"rendered":"https:\/\/ivasanat.com\/blog\/?p=1010"},"modified":"2026-04-28T12:46:21","modified_gmt":"2026-04-28T09:46:21","slug":"vincent-van-gogh-kimdir","status":"publish","type":"post","link":"https:\/\/ivasanat.com\/blog\/vincent-van-gogh-kimdir\/","title":{"rendered":"Vincent van Gogh: Hayat\u0131, Eserleri, Sanat\u0131 ve Bilinmeyenleri"},"content":{"rendered":"\n<p>Vincent <strong>Van Gogh<\/strong>, Bat\u0131 sanat tarihinin en etkili fig\u00fcrlerinden biri olarak kabul edilen bir ressamd\u0131r. Post-Empresyonizm ak\u0131m\u0131n\u0131n \u00f6nc\u00fclerinden biri olarak, \u00f6zellikle cesur renk kullan\u0131m\u0131 ve dramatik f\u0131r\u00e7a darbeleri ile tan\u0131n\u0131r. Hayat\u0131 boyunca yakla\u015f\u0131k 2100 eser \u00fcretmi\u015ftir, bunlar\u0131n yakla\u015f\u0131k 860&#8217;\u0131 ya\u011fl\u0131 boya tablolar\u0131d\u0131r. Pop\u00fcler k\u00fclt\u00fcrde <strong>kula\u011f\u0131n\u0131 kesen ressam<\/strong> olarak da bilinmektedir.<\/p>\n\n\n\n<div class=\"wp-block-rank-math-toc-block\" id=\"rank-math-toc\"><h2>\u0130\u00e7erik:<\/h2><nav><ul><li class=\"\"><a href=\"#van-gogh-kimdir\">Van Gogh Kimdir?<\/a><\/li><li class=\"\"><a href=\"#vincent-van-gogh-ne-zaman-dogdu\">Vincent Van Gogh Ne Zaman Do\u011fdu?<\/a><\/li><li class=\"\"><a href=\"#vincent-van-goghun-hayati\">Vincent Van Gogh\u2019un Hayat\u0131<\/a><\/li><li class=\"\"><a href=\"#vincent-van-gogh-kulagini-neden-kesti\">Vincent van Gogh Kula\u011f\u0131n\u0131 Neden Kesti?<\/a><\/li><li class=\"\"><a href=\"#vincent-van-gogh-akil-hastanesine-neden-yatti\">Vincent van Gogh Ak\u0131l Hastanesine Neden Yatt\u0131?<\/a><\/li><li class=\"\"><a href=\"#vincent-van-gogh-sanat-stili-ve-ilhami\">Vincent Van Gogh Sanat Stili ve \u0130lham\u0131<\/a><ul><li class=\"\"><a href=\"#van-gogh-eserlerinde-ne-anlatmaktadir\">Van Gogh Eserlerinde Ne Anlatmaktad\u0131r?<\/a><\/li><\/ul><\/li><li class=\"\"><a href=\"#vincent-van-gogh-en-populer-eserleri\">Vincent Van Gogh En Pop\u00fcler Eserleri<\/a><ul><li class=\"\"><a href=\"#vincent-van-gogh-the-starry-nigth-yildizli-gece-1889\">Vincent van Gogh, \u201cThe Starry Nigth\u201d (Y\u0131ld\u0131zl\u0131 Gece); 1889<\/a><\/li><li class=\"\"><a href=\"#vincent-van-gogh-the-red-vineyard-kirmizi-bag-1888\">Vincent van Gogh, \u201cThe Red Vineyard\u201d (K\u0131rm\u0131z\u0131 Ba\u011f); 1888<\/a><\/li><li class=\"\"><a href=\"#van-gogh-self-portrait-otoportre-1889\">Van Gogh \u201cSelf-Portrait\u201d (Otoportre); 1889<\/a><\/li><li class=\"\"><a href=\"#vincent-van-gogh-sunflowers-ay-cicekleri-1888\">Vincent van Gogh, \u201cSunflowers\u201d (Ay \u00c7i\u00e7ekleri); 1888<\/a><\/li><li class=\"\"><a href=\"#vincent-van-gogh-the-potato-eaters-patates-yiyenler-1885\">Vincent van Gogh, \u201cThe Potato Eaters\u201d (Patates Yiyenler); 1885<\/a><\/li><\/ul><\/li><li class=\"\"><a href=\"#vincent-van-gogh-neden-oldu\">Vincent Van Gogh Neden \u00d6ld\u00fc?<\/a><\/li><li class=\"\"><a href=\"#vincent-van-gogh-neden-intihar-etti\">Vincent Van Gogh Neden \u0130ntihar Etti?<\/a><\/li><li class=\"\"><a href=\"#sikca-sorulan-sorular\">S\u0131k\u00e7a Sorulan Sorular:<\/a><ul><li class=\"\"><a href=\"#faq-question-1721994006362\">Vincent van Gogh neden ak\u0131l hastanesinde yatt\u0131?<\/a><\/li><li class=\"\"><a href=\"#faq-question-1721994010395\">Van Gogh hastal\u0131\u011f\u0131 nedir?<\/a><\/li><li class=\"\"><a href=\"#faq-question-1721994030293\">Van Gogh olay\u0131 nedir?<\/a><\/li><li class=\"\"><a href=\"#faq-question-1721994042060\">Vincent van Gogh ne zaman \u00f6ld\u00fc?<\/a><\/li><li class=\"\"><a href=\"#faq-question-1721994134528\">Van Gogh kula\u011f\u0131 neden yok?<\/a><\/li><li class=\"\"><a href=\"#faq-question-1721994145094\">Vincent Van Gogh kula\u011f\u0131n\u0131 kime verdi?<\/a><\/li><\/ul><\/li><\/ul><\/nav><\/div>\n\n\n\n<h2 class=\"wp-block-heading\" id=\"van-gogh-kimdir\">Van Gogh Kimdir?<\/h2>\n\n\n\n<p>Van Gogh, 19. y\u00fczy\u0131l\u0131n en etkileyici sanat\u00e7\u0131lar\u0131ndan biridir ve modern sanat tarihinin d\u00f6n\u00fcm noktalar\u0131ndan birini temsil eder. Vincent Willem van Gogh, 30 Mart 1853\u2019te Hollanda\u2019n\u0131n Brabant b\u00f6lgesindeki Zundert kasabas\u0131nda do\u011fmu\u015ftur. Ancak Van Gogh&#8217;un hayat\u0131, sadece bir sanat\u00e7\u0131n\u0131n ya\u015fam\u0131 de\u011fil, ayn\u0131 zamanda trajedi, tutku ve m\u00fccadeleyle \u00f6r\u00fcl\u00fcd\u00fcr.<\/p>\n\n\n\n<p>Van Gogh\u2019un \u00e7ocukluk d\u00f6nemleri, Protestan bir papaz olan babas\u0131 Theodorus Van Gogh\u2019un dini \u00f6\u011fretisinin etkisi alt\u0131nda ge\u00e7mi\u015ftir. Sanata olan ilgisi erken ya\u015flarda ortaya \u00e7\u0131kmasa da do\u011faya ve insanl\u0131\u011fa duydu\u011fu derin ilgi, ilerde eserlerinin \u00f6z\u00fcn\u00fc olu\u015fturacakt\u0131r. 27 ya\u015f\u0131na kadar bir sanat\u00e7\u0131 olma yolunda hi\u00e7bir ad\u0131m atmam\u0131\u015f, \u00e7e\u015fitli i\u015flerde \u00e7al\u0131\u015fm\u0131\u015ft\u0131r. Paris\u2019teki sanat galerisinde ba\u015flad\u0131\u011f\u0131 kariyeri, onu sanat d\u00fcnyas\u0131na yakla\u015ft\u0131rsa da bu i\u015fi s\u00fcrd\u00fcrememi\u015ftir. Van Gogh\u2019un sanat ser\u00fcveni, yo\u011fun bir bireysel \u00e7aba ve tutkulu bir aray\u0131\u015fla doludur; bu y\u00fczden onun hik\u00e2yesi sadece bir ressam\u0131n hik\u00e2yesi de\u011fil, ayn\u0131 zamanda insan ruhunun derinliklerini ke\u015ffetmenin bir anlat\u0131s\u0131d\u0131r.<\/p>\n\n\n\n<p>Sanat kariyerine resmi olarak ge\u00e7 ba\u015flad\u0131\u011f\u0131 kabul edilse de, Van Gogh 10 y\u0131ldan k\u0131sa bir s\u00fcrede 2.100\u2019den fazla sanat eseri \u00fcretmi\u015ftir. Bu eserler aras\u0131nda 860 ya\u011fl\u0131 boya tablo ve 1.300\u2019den fazla desen ve eskiz bulunmaktad\u0131r. Ancak ironik bir \u015fekilde, ya\u015fam\u0131 boyunca b\u00fcy\u00fck bir \u00fcne sahip olamam\u0131\u015f ve sanat\u0131n\u0131 satmakta ciddi zorluklar ya\u015fam\u0131\u015ft\u0131r. Bununla birlikte, Van Gogh\u2019un ad\u0131 bug\u00fcn hem sanatta devrim niteli\u011findeki yakla\u015f\u0131m\u0131 hem de ya\u015fam\u0131yla i\u00e7 i\u00e7e ge\u00e7mi\u015f dramatik hik\u00e2yesiyle an\u0131lmaktad\u0131r.<\/p>\n\n\n\n<h2 class=\"wp-block-heading\" id=\"vincent-van-gogh-ne-zaman-dogdu\">Vincent Van Gogh Ne Zaman Do\u011fdu?<\/h2>\n\n\n\n<figure class=\"wp-block-image size-large\"><img loading=\"lazy\" decoding=\"async\" width=\"1024\" height=\"606\" src=\"https:\/\/ivasanat.com\/blog\/wp-content\/uploads\/2024\/07\/image-5-1024x606.png\" alt=\"\" class=\"wp-image-1012\" title=\"\" srcset=\"https:\/\/ivasanat.com\/blog\/wp-content\/uploads\/2024\/07\/image-5-1024x606.png 1024w, https:\/\/ivasanat.com\/blog\/wp-content\/uploads\/2024\/07\/image-5-300x178.png 300w, https:\/\/ivasanat.com\/blog\/wp-content\/uploads\/2024\/07\/image-5-768x455.png 768w, https:\/\/ivasanat.com\/blog\/wp-content\/uploads\/2024\/07\/image-5-1536x909.png 1536w, https:\/\/ivasanat.com\/blog\/wp-content\/uploads\/2024\/07\/image-5-2048x1212.png 2048w\" sizes=\"auto, (max-width: 1024px) 100vw, 1024px\" \/><\/figure>\n\n\n\n<p><strong>Vincent van Gogh<\/strong>, 30 Mart 1853&#8217;te Hollanda&#8217;n\u0131n Zundert \u015fehrinde do\u011fmu\u015ftur. Bu bilgi <strong>Van Gogh nereli<\/strong>? \u015feklinde sorulara \u0131\u015f\u0131k tutmu\u015ftur. Vincent van Gogh&#8217;un \u00e7ocuklu\u011fu, \u00fcst orta s\u0131n\u0131f bir ailede ba\u015flad\u0131. Babas\u0131 Theodorus van Gogh&#8217;un bir papaz oldu\u011fu, annesi Anna Cornelia Carbentus&#8217;un ise varl\u0131kl\u0131 bir aileden geldi\u011fi bir ortamda yeti\u015fti. Vincent, ailesinin en b\u00fcy\u00fck \u00e7ocu\u011fuydu ve do\u011fumundan bir y\u0131l \u00f6nce \u00f6len abisiyle ayn\u0131 ismi ta\u015f\u0131maktayd\u0131<\/p>\n\n\n\n<h2 class=\"wp-block-heading\" id=\"vincent-van-goghun-hayati\">Vincent Van Gogh\u2019un Hayat\u0131<\/h2>\n\n\n\n<p>Vincent <strong>Van Gogh hayati<\/strong>, sanat kariyeri ve ki\u015fisel m\u00fccadeleleri, sanat tarihinin en ilgin\u00e7 ve trajik hikayelerinden biridir.<\/p>\n\n\n\n<p>Ailesi, dindar bir ge\u00e7mi\u015fe sahipti; babas\u0131 Theodorus van Gogh, bir papazd\u0131. Van Gogh, alt\u0131 \u00e7ocuklu ailenin en b\u00fcy\u00fck \u00e7ocu\u011fu olarak b\u00fcy\u00fcd\u00fc. K\u00fc\u00e7\u00fck ya\u015flarda ciddi ve i\u00e7e d\u00f6n\u00fck bir \u00e7ocuk olarak tan\u0131mlanan Van Gogh, s\u0131k s\u0131k yaln\u0131z kalmay\u0131 tercih ediyordu. Sanatla ilgisi \u00e7ocukluk d\u00f6neminde pek belirgin de\u011fildi, ancak do\u011faya olan tutkusu erken ya\u015flardan itibaren geli\u015fti.<\/p>\n\n\n\n<p>Van Gogh, 16 ya\u015f\u0131nda sanat galerisi asistan\u0131 olarak \u00e7al\u0131\u015fmaya ba\u015flad\u0131. Bu i\u015f, onun sanata olan ilgisini art\u0131rd\u0131, ancak gen\u00e7 ya\u015fta ya\u015fad\u0131\u011f\u0131 zorluklar ve ruhsal sorunlar, ilerleyen y\u0131llarda sanat kariyerini derinden etkileyecekti. 27 ya\u015f\u0131nda ressam olmaya karar verdi ve bu karar, hayat\u0131n\u0131 ve sanat tarihini sonsuza kadar de\u011fi\u015ftirdi. \u0130lk d\u00f6nem <strong>Van Gogh eserleri<\/strong> genellikle karamsar temalar i\u00e7eriyordu; &#8220;Patates Yiyenler&#8221; tablosu bu d\u00f6nemin en bilinen eserlerinden biridir.<\/p>\n\n\n\n<p>1886 y\u0131l\u0131nda Paris&#8217;e ta\u015f\u0131nan Van Gogh, burada Empresyonist sanat\u00e7\u0131larla tan\u0131\u015ft\u0131 ve renk paletini de\u011fi\u015ftirmeye ba\u015flad\u0131. Daha canl\u0131 renkler kullanmaya ve e\u011flenceli konular resmetmeye y\u00f6neldi. Ancak, Paris&#8217;teki ya\u015fam\u0131 onu tatmin etmedi ve 1888&#8217;de Fransa&#8217;n\u0131n g\u00fcneyindeki Arles&#8217;a ta\u015f\u0131nd\u0131. Burada, sanat\u00e7\u0131 bir topluluk kurmay\u0131 umuyordu, ancak ruhsal sorunlar\u0131 ve ge\u00e7irdi\u011fi travmalar, ya\u015fam\u0131n\u0131 zorla\u015ft\u0131rd\u0131. Arles&#8217;da ge\u00e7irdi\u011fi s\u00fcre boyunca bir\u00e7ok \u00fcnl\u00fc eser \u00fcretti, ancak bu d\u00f6nemde ya\u015fad\u0131\u011f\u0131 psikolojik zorluklar da artt\u0131.<\/p>\n\n\n\n<p>Van Gogh, 1889&#8217;da Saint-Paul-de-Mausole ak\u0131l hastanesine yatt\u0131. Burada <strong>Van Gogh Y\u0131ld\u0131zl\u0131 Gece tablosu<\/strong> gibi ikonik eserler yaratt\u0131. Ancak, ruhsal durumu giderek k\u00f6t\u00fcle\u015fti ve 29 Temmuz 1890&#8217;da intihar ederek ya\u015fam\u0131na son verdi. \u00d6l\u00fcm\u00fcnden \u00f6nce yaln\u0131zca bir tablosu sat\u0131lm\u0131\u015ft\u0131, ancak \u00f6l\u00fcm\u00fcnden sonra eserleri b\u00fcy\u00fck bir ilgi g\u00f6rd\u00fc ve g\u00fcn\u00fcm\u00fczde d\u00fcnyan\u0131n en de\u011ferli sanat eserleri aras\u0131nda yer almaktad\u0131r. <strong>Van Gogh un hayat\u0131 k\u0131saca<\/strong>, sanat\u0131n\u0131n derinli\u011fi ve karma\u015f\u0131kl\u0131\u011f\u0131 ile birle\u015fti\u011finde, onu sadece bir ressam de\u011fil, ayn\u0131 zamanda bir sanat dehas\u0131 olarak an\u0131lmas\u0131n\u0131 sa\u011flam\u0131\u015ft\u0131r. Karde\u015fi Theo&#8217;nun deste\u011fi sayesinde, <strong>Vincent Van Gogh eserleri<\/strong> g\u00fcn\u00fcm\u00fczde hala b\u00fcy\u00fck bir ilgiyle incelenmektedir.<\/p>\n\n\n\n<h2 class=\"wp-block-heading\" id=\"vincent-van-gogh-kulagini-neden-kesti\">Vincent van Gogh Kula\u011f\u0131n\u0131 Neden Kesti?<\/h2>\n\n\n\n<figure class=\"wp-block-image size-large\"><img loading=\"lazy\" decoding=\"async\" width=\"1024\" height=\"512\" src=\"https:\/\/ivasanat.com\/blog\/wp-content\/uploads\/2024\/07\/image-6-1024x512.png\" alt=\"\" class=\"wp-image-1013\" title=\"\" srcset=\"https:\/\/ivasanat.com\/blog\/wp-content\/uploads\/2024\/07\/image-6-1024x512.png 1024w, https:\/\/ivasanat.com\/blog\/wp-content\/uploads\/2024\/07\/image-6-300x150.png 300w, https:\/\/ivasanat.com\/blog\/wp-content\/uploads\/2024\/07\/image-6-768x384.png 768w, https:\/\/ivasanat.com\/blog\/wp-content\/uploads\/2024\/07\/image-6.png 1140w\" sizes=\"auto, (max-width: 1024px) 100vw, 1024px\" \/><\/figure>\n\n\n\n<p>Vincent Van Gogh&#8217;un kula\u011f\u0131n\u0131 kesmesi, sanat tarihinin en \u00e7ok merak edilen olaylar\u0131ndan biridir ve \u00e7e\u015fitli teorilerle a\u00e7\u0131klanmaya \u00e7al\u0131\u015f\u0131lm\u0131\u015ft\u0131r. Olay, 23 Aral\u0131k 1888&#8217;de ger\u00e7ekle\u015fti ve birka\u00e7 fakt\u00f6r\u00fcn bir araya gelmesiyle ortaya \u00e7\u0131kt\u0131.<\/p>\n\n\n\n<p>Van Gogh, ya\u015fam\u0131 boyunca ciddi ruhsal sorunlarla m\u00fccadele etti. Zihinsel sa\u011fl\u0131\u011f\u0131 bozulmu\u015ftu ve bu durum, \u00f6zellikle Paul Gauguin ile olan arkada\u015fl\u0131\u011f\u0131 s\u0131ras\u0131nda daha da k\u00f6t\u00fcle\u015fti. \u0130ki sanat\u00e7\u0131, Arles&#8217;daki &#8220;Sar\u0131 Ev&#8221;de birlikte ya\u015farken, aralar\u0131ndaki tart\u0131\u015fmalar ve \u00e7at\u0131\u015fmalar s\u0131kla\u015ft\u0131. Van Gogh, Gauguin&#8217;in onu terk edece\u011finden korkuyordu ve bu korku, onun ruhsal durumunu daha da k\u00f6t\u00fcle\u015ftirdi.<\/p>\n\n\n\n<p>Van Gogh, bir tart\u0131\u015fman\u0131n ard\u0131ndan sinir krizi ge\u00e7irerek sol kula\u011f\u0131n\u0131n bir k\u0131sm\u0131n\u0131 kesti. Baz\u0131 teorilere g\u00f6re, bu eylem, Gauguin&#8217;e olan dostlu\u011funu kan\u0131tlamak amac\u0131yla yap\u0131lm\u0131\u015f olabilir. Alternatif bir g\u00f6r\u00fc\u015f ise, Van Gogh&#8217;un bu eylemi, kafas\u0131nda duydu\u011fu sesleri durdurmak i\u00e7in ger\u00e7ekle\u015ftirmi\u015f olabilece\u011fidir.Kula\u011f\u0131n\u0131 kestikten sonra, par\u00e7ay\u0131 bir pe\u00e7eteye sararak bir genelevde \u00e7al\u0131\u015fan Rachel isimli bir kad\u0131na g\u00f6t\u00fcrd\u00fc. Ancak Rachel, bu durumu tiksinerek kar\u015f\u0131lad\u0131 ve kula\u011f\u0131 soka\u011fa f\u0131rlatt\u0131.&nbsp;Van Gogh, olay\u0131n ard\u0131ndan bayg\u0131n halde bulundu ve hastaneye kald\u0131r\u0131ld\u0131.<\/p>\n\n\n\n<p>Van Gogh&#8217;un kula\u011f\u0131n\u0131n ne kadar\u0131n\u0131n kesildi\u011fi konusunda da tart\u0131\u015fmalar bulunmaktad\u0131r. Yap\u0131lan ara\u015ft\u0131rmalar, sanat\u00e7\u0131n\u0131n kula\u011f\u0131n\u0131n neredeyse tamam\u0131n\u0131 kesti\u011fini g\u00f6stermektedir.&nbsp;Bu olay, Van Gogh&#8217;un ya\u015fam\u0131ndaki trajik olaylar\u0131n sadece bir \u00f6rne\u011fidir ve onun sanat\u0131na derin bir etki yapm\u0131\u015ft\u0131r.<\/p>\n\n\n\n<h2 class=\"wp-block-heading\" id=\"vincent-van-gogh-akil-hastanesine-neden-yatti\">Vincent van Gogh Ak\u0131l Hastanesine Neden Yatt\u0131?<\/h2>\n\n\n\n<p>Vincent Van Gogh, 1888 y\u0131l\u0131nda Arles&#8217;da ya\u015fad\u0131\u011f\u0131 psikolojik sorunlar nedeniyle ak\u0131l hastanesine yatmak zorunda kald\u0131. Bu durum, \u00f6zellikle Paul Gauguin ile olan arkada\u015fl\u0131\u011f\u0131n\u0131n gerilmesi ve kendi ruhsal sa\u011fl\u0131\u011f\u0131ndaki bozulmalarla ba\u011flant\u0131l\u0131yd\u0131.<\/p>\n\n\n\n<p>Van Gogh, hastanede ge\u00e7irdi\u011fi on g\u00fcn\u00fcn ard\u0131ndan tekrar Sar\u0131 Ev&#8217;e d\u00f6nd\u00fc. Ancak, burada davran\u0131\u015flar\u0131 \u00e7evresindekileri rahats\u0131z etmeye ba\u015flad\u0131. Arles sakinleri, onun ruhsal durumundan endi\u015fe duyarak bir imza kampanyas\u0131 ba\u015flatt\u0131. Bunun sonucunda, polis taraf\u0131ndan tekrar ak\u0131l hastanesine kald\u0131r\u0131ld\u0131 ve burada alt\u0131 hafta boyunca tedavi edildi. Bu s\u00fcre zarf\u0131nda resim yapmaya devam etti ve bir\u00e7ok eser \u00fcretti.<\/p>\n\n\n\n<p><strong>Van Gogh hayat\u0131<\/strong> boyunca ruhsal dalgalanmalar ya\u015fam\u0131\u015ft\u0131r. Karde\u015fi Theo&#8217;ya yazd\u0131\u011f\u0131 mektuplarda, yo\u011fun kayg\u0131, melankoli ve pi\u015fmanl\u0131k duygular\u0131n\u0131 s\u0131k\u00e7a dile getirdi. Bu ruhsal sorunlar, onun sanat\u0131 \u00fczerinde de derin etkiler b\u0131rakt\u0131 ve <strong>Van Gogh resimleri<\/strong> yo\u011fun duygusal ifadeler yans\u0131tmaya ba\u015flad\u0131.<\/p>\n\n\n\n<h2 class=\"wp-block-heading\" id=\"vincent-van-gogh-sanat-stili-ve-ilhami\">Vincent Van Gogh Sanat Stili ve \u0130lham\u0131<\/h2>\n\n\n\n<p>Vincent Van Gogh&#8217;un sanat stili ve&nbsp;ilham kaynaklar\u0131, onun eserlerinin derinli\u011fini ve&nbsp;\u00f6zg\u00fcnl\u00fc\u011f\u00fcn\u00fc \u015fekillendiren \u00f6nemli&nbsp;unsurlard\u0131r.&nbsp;<\/p>\n\n\n\n<p>Van Gogh, Post-<a href=\"https:\/\/ivasanat.com\/blog\/empresyonizm-sanat-akimi-hakkinda-bilmeniz-gerekenler\/\">Empresyonizm<\/a> ad\u0131 verilen sanat ak\u0131m\u0131n\u0131n \u00f6nc\u00fc isimlerinden biri olarak kabul edilir. Post-Empresyonizm, 19. y\u00fczy\u0131l\u0131n sonlar\u0131na do\u011fru Empresyonizm ak\u0131m\u0131n\u0131n \u00f6tesine ge\u00e7erek sanat\u00e7\u0131lara bireysel ifadeye dayal\u0131 bir \u00f6zg\u00fcrl\u00fck sunan bir hareketti. Van Gogh\u2019un bu ak\u0131m\u0131n temsilcisi olmas\u0131n\u0131n ard\u0131ndaki en \u00f6nemli sebep, eserlerinde sadece do\u011fay\u0131 yans\u0131tmakla kalmay\u0131p, ayn\u0131 zamanda i\u00e7sel d\u00fcnyas\u0131n\u0131 ve duygusal \u00e7alkant\u0131lar\u0131n\u0131 izleyiciye aktarma becerisiydi.<\/p>\n\n\n\n<p>Van Gogh&#8217;un <a href=\"https:\/\/ivasanat.com\/resim\">resimler<\/a>inde genellikle do\u011fa manzaralar\u0131, \u00e7i\u00e7ekler ve g\u00fcnl\u00fck ya\u015famdan kesitler yer al\u0131r. Eserlerinde kulland\u0131\u011f\u0131 geni\u015f f\u0131r\u00e7a darbeleri ve yo\u011fun renkler, izleyicilere duygusal bir deneyim sunar. Ayr\u0131ca, kendi kendine yapt\u0131\u011f\u0131 otoportreler, onun zihinsel ve fiziksel d\u00f6n\u00fc\u015f\u00fcm\u00fcn\u00fc kaydeder<\/p>\n\n\n\n<p>Van Gogh&#8217;un ilham kaynaklar\u0131 aras\u0131nda do\u011fa, g\u00fcnl\u00fck ya\u015fam ve insan ili\u015fkileri \u00f6nemli bir yer tutar. \u00d6zellikle do\u011faya olan sevgisi, onun bir\u00e7ok eserinde kendini g\u00f6sterir. Arles&#8217;daki d\u00f6nemi, onun en verimli d\u00f6nemlerinden biri olarak kabul edilir; burada, \u00e7evresindeki do\u011fal g\u00fczelliklerden ilham alarak bir\u00e7ok eser \u00fcretmi\u015ftir.Ayr\u0131ca, Van Gogh&#8217;un sanat\u0131nda ki\u015fisel deneyimleri ve ruhsal durumu da \u00f6nemli bir rol oynamaktad\u0131r. Karde\u015fi Theo&#8217;ya yazd\u0131\u011f\u0131 mektuplar, onun sanat yolculu\u011funu ve ilham kaynaklar\u0131n\u0131 anlamak i\u00e7in \u00f6nemli bir kaynakt\u0131r. Bu mektuplarda, sanat\u0131na dair d\u00fc\u015f\u00fcncelerini ve duygusal durumunu a\u00e7\u0131k\u00e7a ifade etmi\u015ftir.<\/p>\n\n\n\n<h3 class=\"wp-block-heading\" id=\"van-gogh-eserlerinde-ne-anlatmaktadir\"><strong>Van Gogh Eserlerinde Ne Anlatmaktad\u0131r?<\/strong><\/h3>\n\n\n\n<p>Van Gogh\u2019un eserlerinde, insan ruhunun karma\u015f\u0131kl\u0131\u011f\u0131n\u0131 ve duygusal deneyimlerin derinli\u011fini yans\u0131tt\u0131\u011f\u0131 g\u00f6r\u00fcl\u00fcr. Sanat\u00e7\u0131n\u0131n tablolar\u0131, yaln\u0131zca g\u00f6rsel bir g\u00fczellik sunmaz, ayn\u0131 zamanda ya\u015fam\u0131n anlam\u0131n\u0131 sorgulayan felsefi bir boyut ta\u015f\u0131r. Her bir eseri, onun zihinsel ve duygusal durumunu yans\u0131tan birer ayna gibidir.<\/p>\n\n\n\n<p>Van Gogh\u2019un eserlerindeki en dikkat \u00e7ekici unsurlardan biri, s\u0131radan nesnelere y\u00fckledi\u011fi derin anlamlard\u0131r. \u00d6rne\u011fin, <strong>&#8220;Ay\u00e7i\u00e7ekleri&#8221;<\/strong> serisi sadece \u00e7i\u00e7ekleri betimlemekle kalmaz, ayn\u0131 zamanda ya\u015fam d\u00f6ng\u00fcs\u00fcn\u00fc simgeler. Ay\u00e7i\u00e7eklerinin solgun renk tonlar\u0131, ya\u015fam\u0131n ge\u00e7icili\u011fini ifade ederken, parlak sar\u0131 tonlar\u0131 umut ve canl\u0131l\u0131\u011f\u0131 temsil eder. Bu eser, ayn\u0131 zamanda Van Gogh\u2019un do\u011faya olan hayranl\u0131\u011f\u0131n\u0131 ve do\u011fan\u0131n insan duygular\u0131yla nas\u0131l bir ba\u011f kurdu\u011funu g\u00f6sterir.<\/p>\n\n\n\n<p>Bir di\u011fer dikkat \u00e7eken tema, sanat\u00e7\u0131n\u0131n insana ve do\u011faya duydu\u011fu derin merhamettir. \u00d6zellikle <strong>&#8220;Patates Yiyenler&#8221;<\/strong> adl\u0131 eseri, yoksul bir k\u00f6yl\u00fc ailesinin ya\u015fam m\u00fccadelesini etkileyici bir \u015fekilde anlat\u0131r. Bu eser, Van Gogh\u2019un insanl\u0131k i\u00e7in duydu\u011fu empatiyi ve sosyal adaletsizli\u011fe olan duyarl\u0131l\u0131\u011f\u0131n\u0131 ortaya koyar. Ayn\u0131 zamanda, onun basit bir ya\u015fam\u0131 romantize etmek yerine, ger\u00e7ek\u00e7i bir \u015fekilde tasvir etmeyi tercih etti\u011fini g\u00f6sterir.<\/p>\n\n\n\n<p>Eserlerindeki melankolik tonlar ve yo\u011fun duygusal i\u00e7erik, Van Gogh\u2019un m\u00fccadele etti\u011fi zihinsel sa\u011fl\u0131k sorunlar\u0131n\u0131n izlerini de ta\u015f\u0131r. \u00d6zellikle Arles\u2019teki sar\u0131 evde ge\u00e7irdi\u011fi d\u00f6nemde \u00fcretti\u011fi eserler, hem i\u00e7sel huzur aray\u0131\u015f\u0131n\u0131 hem de ruhsal \u00e7alkant\u0131lar\u0131n\u0131 a\u00e7\u0131k\u00e7a g\u00f6zler \u00f6n\u00fcne serer.<\/p>\n\n\n\n<h2 class=\"wp-block-heading\" id=\"vincent-van-gogh-en-populer-eserleri\">Vincent Van Gogh En Pop\u00fcler Eserleri<\/h2>\n\n\n\n<p>Vincent Van Gogh&#8217;un en pop\u00fcler eserleri, sanat d\u00fcnyas\u0131nda derin bir etki b\u0131rakm\u0131\u015f ve onu modern sanat\u0131n en \u00f6nemli fig\u00fcrlerinden biri haline getirmi\u015ftir. \u0130\u015fte Van Gogh&#8217;un en bilinen eserleri:<\/p>\n\n\n\n<h3 class=\"wp-block-heading\" id=\"vincent-van-gogh-the-starry-nigth-yildizli-gece-1889\">Vincent van Gogh, \u201cThe Starry Nigth\u201d (Y\u0131ld\u0131zl\u0131 Gece); 1889<\/h3>\n\n\n\n<figure class=\"wp-block-image size-large\"><img loading=\"lazy\" decoding=\"async\" width=\"1024\" height=\"811\" src=\"https:\/\/ivasanat.com\/blog\/wp-content\/uploads\/2024\/07\/image-7-1024x811.png\" alt=\"\" class=\"wp-image-1014\" title=\"\" srcset=\"https:\/\/ivasanat.com\/blog\/wp-content\/uploads\/2024\/07\/image-7-1024x811.png 1024w, https:\/\/ivasanat.com\/blog\/wp-content\/uploads\/2024\/07\/image-7-300x238.png 300w, https:\/\/ivasanat.com\/blog\/wp-content\/uploads\/2024\/07\/image-7-768x608.png 768w, https:\/\/ivasanat.com\/blog\/wp-content\/uploads\/2024\/07\/image-7-1536x1216.png 1536w, https:\/\/ivasanat.com\/blog\/wp-content\/uploads\/2024\/07\/image-7.png 1920w\" sizes=\"auto, (max-width: 1024px) 100vw, 1024px\" \/><\/figure>\n\n\n\n<p>Van Gogh\u2019un <strong>&#8220;Y\u0131ld\u0131zl\u0131 Gece&#8221;<\/strong> adl\u0131 eseri, hem g\u00f6rsel etkileyicili\u011fi hem de arkas\u0131ndaki derin anlamlarla sanat d\u00fcnyas\u0131nda e\u015fsiz bir yer edinmi\u015ftir. Bu tablo, sanat\u00e7\u0131n\u0131n Saint-R\u00e9my-de-Provence\u2019daki ak\u0131l hastanesinde kald\u0131\u011f\u0131 d\u00f6nemde, 1889 y\u0131l\u0131nda tamamlanm\u0131\u015ft\u0131r. &#8220;Y\u0131ld\u0131zl\u0131 Gece&#8221;, bir manzara tablosu olmas\u0131n\u0131n \u00f6tesinde, Van Gogh\u2019un zihinsel durumunu ve evrene bak\u0131\u015f a\u00e7\u0131s\u0131n\u0131 da yans\u0131tan bir \u00e7al\u0131\u015fmad\u0131r.<\/p>\n\n\n\n<p>Tablodaki k\u0131vr\u0131ml\u0131 ve hareketli y\u0131ld\u0131zlar, sonsuz bir evrenin enerjisini yans\u0131t\u0131r. Van Gogh, gece g\u00f6ky\u00fcz\u00fcn\u00fc betimlerken, bir yandan evrenin b\u00fcy\u00fckl\u00fc\u011f\u00fcne duydu\u011fu hayranl\u0131\u011f\u0131, di\u011fer yandan bu b\u00fcy\u00fckl\u00fc\u011f\u00fcn yaratt\u0131\u011f\u0131 yaln\u0131zl\u0131k hissini ayn\u0131 anda ifade eder. \u00c7o\u011fu ele\u015ftirmen, bu eserin, Van Gogh\u2019un kendisini izole hissetti\u011fi bir d\u00f6nemin metaforu oldu\u011funu savunur. Ayr\u0131ca, tabloda yer alan selvi a\u011fac\u0131, \u00f6l\u00fcm ve sonsuzluk temas\u0131n\u0131 temsil ederken, kasaba manzaras\u0131 Van Gogh\u2019un k\u00f6klerine olan \u00f6zlemini ifade eder.<\/p>\n\n\n\n<p>Eserde kullan\u0131lan mavi tonlar, sanat\u00e7\u0131n\u0131n melankolisini ve huzur aray\u0131\u015f\u0131n\u0131 yans\u0131t\u0131r. Ancak bu tonlar, sar\u0131 ve turuncu gibi s\u0131cak renklerle dengelenmi\u015ftir; bu da umudun ve ya\u015fam sevincinin bir g\u00f6stergesidir. &#8220;Y\u0131ld\u0131zl\u0131 Gece&#8221;, sadece bir gece manzaras\u0131 de\u011fil, ayn\u0131 zamanda Van Gogh\u2019un varolu\u015fsal sorgulamalar\u0131n\u0131n ve duygusal derinliklerinin g\u00f6rselle\u015ftirilmi\u015f bir yans\u0131mas\u0131d\u0131r.<\/p>\n\n\n\n<h3 class=\"wp-block-heading\" id=\"vincent-van-gogh-the-red-vineyard-kirmizi-bag-1888\">Vincent van Gogh, \u201cThe Red Vineyard\u201d (K\u0131rm\u0131z\u0131 Ba\u011f); 1888<\/h3>\n\n\n\n<figure class=\"wp-block-image size-large\"><img loading=\"lazy\" decoding=\"async\" width=\"1024\" height=\"798\" src=\"https:\/\/ivasanat.com\/blog\/wp-content\/uploads\/2024\/07\/image-8-1024x798.png\" alt=\"\" class=\"wp-image-1015\" title=\"\" srcset=\"https:\/\/ivasanat.com\/blog\/wp-content\/uploads\/2024\/07\/image-8-1024x798.png 1024w, https:\/\/ivasanat.com\/blog\/wp-content\/uploads\/2024\/07\/image-8-300x234.png 300w, https:\/\/ivasanat.com\/blog\/wp-content\/uploads\/2024\/07\/image-8-768x599.png 768w, https:\/\/ivasanat.com\/blog\/wp-content\/uploads\/2024\/07\/image-8-1536x1197.png 1536w, https:\/\/ivasanat.com\/blog\/wp-content\/uploads\/2024\/07\/image-8.png 2001w\" sizes=\"auto, (max-width: 1024px) 100vw, 1024px\" \/><\/figure>\n\n\n\n<p>Vincent van Gogh\u2019un <em>\u201cThe Red Vineyard\u201d<\/em> adl\u0131 eseri, onun ya\u015fam\u0131 boyunca satt\u0131\u011f\u0131 tek tablo olarak tarihe ge\u00e7mi\u015ftir. Bu eser, Van Gogh\u2019un Arles\u2019de ge\u00e7irdi\u011fi verimli d\u00f6nemlerden birine aittir ve renklerin dramatik g\u00fcc\u00fcyle zenginle\u015fmi\u015ftir. Tablo, \u00f6zellikle \u0131\u015f\u0131\u011f\u0131n do\u011faya etkisini vurgulamakla \u00f6ne \u00e7\u0131kar.<\/p>\n\n\n\n<p><em>\u201cThe Red Vineyard\u201d<\/em>, Arles yak\u0131nlar\u0131ndaki bir ba\u011f\u0131n sonbahar mevsimindeki g\u00f6rkemini betimler. Van Gogh, bu eserde do\u011fal bir sahneyi ola\u011fan\u00fcst\u00fc bir dinamizmle yeniden yaratm\u0131\u015ft\u0131r. Sar\u0131dan k\u0131rm\u0131z\u0131ya ge\u00e7i\u015f yapan tonlar, g\u00fcn bat\u0131m\u0131n\u0131n etkisiyle adeta parlamaktad\u0131r. Van Gogh\u2019un kulland\u0131\u011f\u0131 bu renk paleti, onun duygu yo\u011funlu\u011funu ve an\u0131 resmetme tutkusunu a\u00e7\u0131k\u00e7a ortaya koyar. \u00dcstelik, bu tablo yaln\u0131zca bir do\u011fa manzaras\u0131 de\u011fil, ayn\u0131 zamanda Van Gogh\u2019un i\u00e7 d\u00fcnyas\u0131n\u0131n bir yans\u0131mas\u0131d\u0131r.<\/p>\n\n\n\n<p>Tablonun modern sanat tarihindeki \u00f6nemi b\u00fcy\u00fckt\u00fcr. Van Gogh, \u0131\u015f\u0131\u011f\u0131n ve rengin bir hikaye anlatmadaki g\u00fcc\u00fcn\u00fc ke\u015ffetmi\u015f ve bu ke\u015fif, post-empresyonizm ak\u0131m\u0131n\u0131n temellerinden biri olmu\u015ftur. <em>\u201cThe Red Vineyard\u201d<\/em>, yaln\u0131zca estetik bir zevk sunmakla kalmaz, ayn\u0131 zamanda sanat\u00e7\u0131n\u0131n ya\u015fam\u0131n\u0131n ve sanat anlay\u0131\u015f\u0131n\u0131n bir \u00f6zetini bar\u0131nd\u0131r\u0131r.<\/p>\n\n\n\n<h3 class=\"wp-block-heading\" id=\"van-gogh-self-portrait-otoportre-1889\">Van Gogh \u201cSelf-Portrait\u201d (Otoportre); 1889<\/h3>\n\n\n\n<figure class=\"wp-block-image size-full\"><img loading=\"lazy\" decoding=\"async\" width=\"639\" height=\"768\" src=\"https:\/\/ivasanat.com\/blog\/wp-content\/uploads\/2024\/07\/image-9.png\" alt=\"\" class=\"wp-image-1016\" title=\"\" srcset=\"https:\/\/ivasanat.com\/blog\/wp-content\/uploads\/2024\/07\/image-9.png 639w, https:\/\/ivasanat.com\/blog\/wp-content\/uploads\/2024\/07\/image-9-250x300.png 250w\" sizes=\"auto, (max-width: 639px) 100vw, 639px\" \/><\/figure>\n\n\n\n<p>Van Gogh, ya\u015fam\u0131 boyunca 35&#8217;ten fazla otoportre yapm\u0131\u015ft\u0131r. Bu <strong>Van Gogh resmi<\/strong>, sanat\u00e7\u0131n\u0131n ruh halini ve i\u00e7sel \u00e7at\u0131\u015fmalar\u0131n\u0131 derinlemesine yans\u0131t\u0131r. <strong>Van Gogh Otoportresi 1889<\/strong> da en \u00fcnl\u00fclerindendir.<\/p>\n\n\n\n<p>Van Gogh\u2019un 1889 y\u0131l\u0131nda yapt\u0131\u011f\u0131 <em>\u201cSelf-Portrait\u201d<\/em> (Otoportre), onun hem fiziksel hem de ruhsal durumuna \u0131\u015f\u0131k tutan en \u00f6nemli eserlerinden biridir. Bu otoportre, sanat\u00e7\u0131n\u0131n Saint-R\u00e9my-de-Provence\u2019daki ak\u0131l sa\u011fl\u0131\u011f\u0131 tedavisi s\u0131ras\u0131nda tamamlanm\u0131\u015ft\u0131r.<\/p>\n\n\n\n<p>Van Gogh, bu otoportresinde kendisini d\u0131\u015f d\u00fcnyadan soyutlanm\u0131\u015f bir birey olarak resmetmi\u015ftir. Y\u00fcz\u00fcndeki yo\u011fun ifadeler, ya\u015fad\u0131\u011f\u0131 i\u00e7sel karma\u015fay\u0131 yans\u0131t\u0131r. \u00d6zellikle f\u0131r\u00e7a darbelerinin keskinli\u011fi ve renklerin \u00e7arp\u0131c\u0131l\u0131\u011f\u0131, bu tablonun s\u0131radan bir otoportreden \u00e7ok daha fazlas\u0131 oldu\u011funu g\u00f6sterir. Arka plandaki girdapl\u0131 desenler, sanat\u00e7\u0131n\u0131n zihinsel durumunu neredeyse soyut bir \u015fekilde ifade eder. Bu teknik, d\u00f6nemin di\u011fer ressamlar\u0131ndan radikal bir \u015fekilde ayr\u0131lmas\u0131n\u0131 sa\u011flam\u0131\u015ft\u0131r.<\/p>\n\n\n\n<p>Otoportre, yaln\u0131zca Van Gogh\u2019un bireysel kimli\u011fini de\u011fil, ayn\u0131 zamanda sanat\u00e7\u0131n\u0131n bir b\u00fct\u00fcn olarak sanat d\u00fcnyas\u0131yla olan ili\u015fkisini de temsil eder. Sanat tarih\u00e7ileri, bu eseri Van Gogh\u2019un sanat anlay\u0131\u015f\u0131n\u0131 tan\u0131mlayan bir manifesto olarak de\u011ferlendirir. Bu portrede, sanat\u00e7\u0131n\u0131n yaln\u0131zca kendisini de\u011fil, ayn\u0131 zamanda kendi varolu\u015fsal m\u00fccadelesini de resmetti\u011fini s\u00f6yleyebiliriz.<\/p>\n\n\n\n<h3 class=\"wp-block-heading\" id=\"vincent-van-gogh-sunflowers-ay-cicekleri-1888\">Vincent van Gogh, \u201cSunflowers\u201d (Ay \u00c7i\u00e7ekleri); 1888<\/h3>\n\n\n\n<figure class=\"wp-block-image size-full\"><img loading=\"lazy\" decoding=\"async\" width=\"471\" height=\"594\" src=\"https:\/\/ivasanat.com\/blog\/wp-content\/uploads\/2024\/07\/image-10.png\" alt=\"\" class=\"wp-image-1017\" title=\"\" srcset=\"https:\/\/ivasanat.com\/blog\/wp-content\/uploads\/2024\/07\/image-10.png 471w, https:\/\/ivasanat.com\/blog\/wp-content\/uploads\/2024\/07\/image-10-238x300.png 238w\" sizes=\"auto, (max-width: 471px) 100vw, 471px\" \/><\/figure>\n\n\n\n<p><em>\u201cSunflowers\u201d<\/em> (Ay \u00c7i\u00e7ekleri), Van Gogh\u2019un en tan\u0131nm\u0131\u015f eserlerinden biridir ve sanat\u00e7\u0131n\u0131n e\u015fsiz tarz\u0131n\u0131n en ikonik \u00f6rneklerinden biri olarak kabul edilir. Van Gogh, bu tabloyu Arles\u2019deki Sar\u0131 Ev\u2019de Gauguin\u2019i a\u011f\u0131rlamaya haz\u0131rland\u0131\u011f\u0131 s\u0131rada yapm\u0131\u015ft\u0131r. Sar\u0131, bu eserlerde hem bir duyguyu hem de bir atmosferi ifade eder.<\/p>\n\n\n\n<p>Ay \u00e7i\u00e7ekleri, Van Gogh\u2019un ya\u015fam\u0131nda s\u00fcrekli bir yenilenme ve d\u00f6ng\u00fc sembol\u00fc olmu\u015ftur. Tablo, \u00e7i\u00e7eklerin ya\u015fam d\u00f6ng\u00fcs\u00fcn\u00fc; do\u011fu\u015flar\u0131n\u0131, olgunluklar\u0131n\u0131 ve \u00e7\u00fcr\u00fcmelerini yans\u0131t\u0131r. Bu sembolizm, Van Gogh\u2019un hayat\u0131n ge\u00e7icili\u011fi ve \u00f6l\u00fcm\u00fcn ka\u00e7\u0131n\u0131lmazl\u0131\u011f\u0131 \u00fczerine olan d\u00fc\u015f\u00fcncelerini yans\u0131t\u0131r. Tablo, yaln\u0131zca estetik bir eser de\u011fil, ayn\u0131 zamanda varolu\u015fsal bir sorgulaman\u0131n g\u00f6rsel bir ifadesidir.<\/p>\n\n\n\n<p>Van Gogh, <em>\u201cSunflowers\u201d<\/em> serisinde sar\u0131 rengi ustal\u0131kla kullanarak \u00e7i\u00e7eklerin enerjisini ve canl\u0131l\u0131\u011f\u0131n\u0131 vurgulam\u0131\u015ft\u0131r. Sar\u0131n\u0131n bu yo\u011fun kullan\u0131m\u0131, onun mutluluk aray\u0131\u015f\u0131n\u0131 ve umut dolu bir ruh halini yans\u0131t\u0131r. Ancak, renklerin a\u015f\u0131r\u0131 parlakl\u0131\u011f\u0131 ve f\u0131r\u00e7a darbelerinin ritmik d\u00fczeni, bu mutlulu\u011fun ge\u00e7ici ve k\u0131r\u0131lgan bir do\u011faya sahip oldu\u011funu ima eder.<\/p>\n\n\n\n<p>Tablonun yap\u0131m s\u00fcreci de olduk\u00e7a dikkat \u00e7ekicidir. Van Gogh, seriyi tamamlamak i\u00e7in gece g\u00fcnd\u00fcz \u00e7al\u0131\u015fm\u0131\u015f ve kendisini adeta bir yarat\u0131c\u0131 transa sokmu\u015ftur. Bu odaklanma, onun sanat\u0131na olan tutkusu ve kendi i\u00e7sel huzurunu bulma \u00e7abas\u0131yla ili\u015fkilidir. <em>\u201cSunflowers\u201d<\/em>, yaln\u0131zca bir do\u011fa tasviri de\u011fil, ayn\u0131 zamanda sanat\u00e7\u0131n\u0131n ruhsal yolculu\u011funun bir par\u00e7as\u0131d\u0131r.<\/p>\n\n\n\n<h3 class=\"wp-block-heading\" id=\"vincent-van-gogh-the-potato-eaters-patates-yiyenler-1885\">Vincent van Gogh, \u201cThe Potato Eaters\u201d (Patates Yiyenler); 1885<\/h3>\n\n\n\n<figure class=\"wp-block-image size-full\"><img loading=\"lazy\" decoding=\"async\" width=\"640\" height=\"451\" src=\"https:\/\/ivasanat.com\/blog\/wp-content\/uploads\/2024\/07\/image-12.png\" alt=\"\" class=\"wp-image-1019\" title=\"\" srcset=\"https:\/\/ivasanat.com\/blog\/wp-content\/uploads\/2024\/07\/image-12.png 640w, https:\/\/ivasanat.com\/blog\/wp-content\/uploads\/2024\/07\/image-12-300x211.png 300w\" sizes=\"auto, (max-width: 640px) 100vw, 640px\" \/><\/figure>\n\n\n\n<p>Van Gogh\u2019un ilk b\u00fcy\u00fck eseri olarak kabul edilen <em>\u201cThe Potato Eaters\u201d<\/em>, sanat\u00e7\u0131n\u0131n Hollanda\u2019da ge\u00e7irdi\u011fi d\u00f6nemin bir yans\u0131mas\u0131d\u0131r. Bu tablo, Van Gogh\u2019un ger\u00e7ek\u00e7ilik ve sosyal ele\u015ftiri anlay\u0131\u015f\u0131n\u0131 ortaya koyar. Eser, yoksul bir k\u00f6yl\u00fc ailesinin ya\u015fam m\u00fccadelesini ve dayan\u0131\u015fmas\u0131n\u0131 tasvir eder.<\/p>\n\n\n\n<p><em>\u201cThe Potato Eaters\u201d<\/em>, Van Gogh\u2019un resim sanat\u0131na yakla\u015f\u0131m\u0131ndaki idealist tavr\u0131 net bir \u015fekilde g\u00f6sterir. Tabloda betimlenen aile, basit bir ak\u015fam yeme\u011finde patates yerken g\u00f6r\u00fcl\u00fcr. Bu sahne, k\u00f6yl\u00fclerin sade ya\u015fam\u0131n\u0131 ve eme\u011fin kutsall\u0131\u011f\u0131n\u0131 y\u00fcceltir. Ancak, tablonun karanl\u0131k ve kasvetli atmosferi, bu ya\u015fam\u0131n zorluklar\u0131n\u0131 da g\u00f6zler \u00f6n\u00fcne serer. Van Gogh, bu eseriyle k\u00f6yl\u00fclerin ya\u015fam\u0131n\u0131 romantize etmek yerine, onlar\u0131n \u00e7etin ger\u00e7ekli\u011fini resmetmeyi tercih etmi\u015ftir.<\/p>\n\n\n\n<p>Tablodaki \u0131\u015f\u0131k kullan\u0131m\u0131, Van Gogh\u2019un ilerleyen y\u0131llarda geli\u015ftirece\u011fi tekniklerin habercisidir. Sadece bir lamba taraf\u0131ndan ayd\u0131nlat\u0131lan bu sahne, dramatik bir etki yarat\u0131r ve fig\u00fcrlerin y\u00fcz ifadelerine odaklanmam\u0131z\u0131 sa\u011flar. Bu \u0131\u015f\u0131k oyunlar\u0131, izleyiciyi tablonun i\u00e7ine \u00e7eker ve sahnedeki karakterlerin ya\u015fam ko\u015fullar\u0131n\u0131 anlamaya davet eder.<\/p>\n\n\n\n<p>Sanat\u00e7\u0131n\u0131n bu tablo \u00fczerindeki \u00e7al\u0131\u015fmalar\u0131 olduk\u00e7a titizdir. Van Gogh, k\u00f6yl\u00fclerin y\u00fcz hatlar\u0131n\u0131 ve ellerini betimlemek i\u00e7in onlarca eskiz yapm\u0131\u015ft\u0131r. Bu detaylar, onun insan fig\u00fcr\u00fcne olan derin ilgisini ve bu fig\u00fcrler arac\u0131l\u0131\u011f\u0131yla bir hikaye anlatma becerisini ortaya koyar. <em>\u201cThe Potato Eaters\u201d<\/em>, yaln\u0131zca bir sanat eseri de\u011fil, ayn\u0131 zamanda Van Gogh\u2019un ya\u015fam ve sanat aras\u0131ndaki ili\u015fkiye dair bir manifestosudur.<\/p>\n\n\n\n<h2 class=\"wp-block-heading\" id=\"vincent-van-gogh-neden-oldu\">Vincent Van Gogh Neden \u00d6ld\u00fc?<\/h2>\n\n\n\n<p>Vincent van Gogh, 29 Temmuz 1890&#8217;da Fransa&#8217;n\u0131n Auvers-sur-Oise k\u00f6y\u00fcnde, tarlalarda dola\u015f\u0131rken kendini alt\u0131patlar tabanca ile vurarak bayg\u0131nl\u0131k ge\u00e7irmi\u015f, daha sonra yaral\u0131 halde, ac\u0131lar i\u00e7inde k\u0131vranarak ya\u015fad\u0131\u011f\u0131 hana ailesinin yan\u0131na gelmi\u015ftir. Ayn\u0131 g\u00fcn derhal hastaneye kald\u0131r\u0131lm\u0131\u015ft\u0131r. Ancak, bu yaralanma sonucunda 29 Temmuz 1890&#8217;da hayat\u0131n\u0131 kaybetti.<\/p>\n\n\n\n<h2 class=\"wp-block-heading\" id=\"vincent-van-gogh-neden-intihar-etti\">Vincent Van Gogh Neden \u0130ntihar Etti?<\/h2>\n\n\n\n<p>Vincent van Gogh&#8217;un intihar etmesiyle ilgili yayg\u0131n bir g\u00f6r\u00fc\u015f, onun ya\u015fam\u0131 boyunca ya\u015fad\u0131\u011f\u0131 ruhsal sorunlar\u0131n bir sonucu olarak bu karar\u0131 ald\u0131\u011f\u0131d\u0131r. Ancak, yeni ara\u015ft\u0131rmalar bu durumu sorgulamakta ve Van Gogh&#8217;un \u00f6l\u00fcm\u00fcn\u00fcn kaza sonucu ger\u00e7ekle\u015fmi\u015f olabilece\u011fini \u00f6ne s\u00fcrmektedir.&nbsp;<\/p>\n\n\n\n<p>Ancak, Steven Naifeh ve Gregory White taraf\u0131ndan kaleme al\u0131nan yeni bir biyografide, Van Gogh&#8217;un intihar etmedi\u011fi, aksine bir kaza sonucu hayat\u0131n\u0131 kaybetti\u011fi iddia edilmektedir. Bu iddiaya g\u00f6re, Van Gogh, o s\u0131rada tarlada oynayan iki \u00e7ocu\u011fun silah\u0131ndan \u00e7\u0131kan kur\u015funla yaralanm\u0131\u015f olabilir. Yazarlar, bu teoriyi destekleyen \u00e7e\u015fitli kan\u0131tlar sunmu\u015flard\u0131r, ancak Van Gogh&#8217;un intihar etme olas\u0131l\u0131\u011f\u0131n\u0131 tamamen g\u00f6z ard\u0131 etmenin de kolay olmayaca\u011f\u0131n\u0131 belirtmektedirler.<\/p>\n\n\n\n<h2 class=\"wp-block-heading\" id=\"sikca-sorulan-sorular\">S\u0131k\u00e7a Sorulan Sorular:<\/h2>\n\n\n<div id=\"rank-math-faq\" class=\"rank-math-block\">\n<div class=\"rank-math-list \">\n<div id=\"faq-question-1721994006362\" class=\"rank-math-list-item\">\n<h3 class=\"rank-math-question \">Vincent van Gogh neden ak\u0131l hastanesinde yatt\u0131?<\/h3>\n<div class=\"rank-math-answer \">\n\n<p>Vincent van Gogh, 1888 y\u0131l\u0131nda Arles&#8217;da ya\u015fad\u0131\u011f\u0131 ruhsal sorunlar neticesinde ak\u0131l hastanesine yatmak zorunda kald\u0131. Bu durum, \u00f6zellikle de yak\u0131n arkada\u015f\u0131 Paul Gauguin ile olan arkada\u015fl\u0131\u011f\u0131n\u0131n gerilmesi ve kendi zihinsel sa\u011fl\u0131\u011f\u0131ndaki k\u00f6t\u00fcle\u015fmeyle ba\u011flant\u0131l\u0131yd\u0131.<\/p>\n\n<\/div>\n<\/div>\n<div id=\"faq-question-1721994010395\" class=\"rank-math-list-item\">\n<h3 class=\"rank-math-question \">Van Gogh hastal\u0131\u011f\u0131 nedir?<\/h3>\n<div class=\"rank-math-answer \">\n\n<p>Vincent van Gogh&#8217;un ya\u015fad\u0131\u011f\u0131 ak\u0131l hastal\u0131\u011f\u0131, b\u00fcy\u00fck olas\u0131l\u0131kla bipolar bozuklukla ili\u015fkilendirilmi\u015ftir. Bipolar bozukluk, ki\u015finin ruh halinin a\u015f\u0131r\u0131 de\u011fi\u015fiklikler g\u00f6sterdi\u011fi bir zihinsel sa\u011fl\u0131k durumudur. Van Gogh&#8217;un ya\u015fam\u0131 boyunca ya\u015fad\u0131\u011f\u0131 a\u015f\u0131r\u0131 duygusal ini\u015f \u00e7\u0131k\u0131\u015flar, bu bozuklukla ili\u015fkilendirilmi\u015ftir. Ara\u015ft\u0131rmalar, Van Gogh&#8217;un ruh haliyle ilgili yazd\u0131\u011f\u0131 mektuplar\u0131n incelenmesi sonucunda, bu t\u00fcr bir te\u015fhisin yap\u0131lmas\u0131na olanak tan\u0131m\u0131\u015ft\u0131r.<\/p>\n\n<\/div>\n<\/div>\n<div id=\"faq-question-1721994030293\" class=\"rank-math-list-item\">\n<h3 class=\"rank-math-question \">Van Gogh olay\u0131 nedir?<\/h3>\n<div class=\"rank-math-answer \">\n\n<p>Vincent van Gogh olay\u0131, sanat\u00e7\u0131n\u0131n ya\u015fam\u0131 boyunca ya\u015fad\u0131\u011f\u0131 ruhsal sorunlar ve \u00f6zellikle \u00f6l\u00fcm\u00fcne dair tart\u0131\u015fmalarla ili\u015fkilidir.<\/p>\n\n<\/div>\n<\/div>\n<div id=\"faq-question-1721994042060\" class=\"rank-math-list-item\">\n<h3 class=\"rank-math-question \">Vincent van Gogh ne zaman \u00f6ld\u00fc?<\/h3>\n<div class=\"rank-math-answer \">\n\n<p>Vincent van Gogh, 29 Temmuz 1890 sabah\u0131 erken saatlerde, Fransa&#8217;n\u0131n Auvers-sur-Oise k\u00f6y\u00fcnde hayata veda etmi\u015ftir.<\/p>\n\n<\/div>\n<\/div>\n<div id=\"faq-question-1721994134528\" class=\"rank-math-list-item\">\n<h3 class=\"rank-math-question \">Van Gogh kula\u011f\u0131 neden yok?<\/h3>\n<div class=\"rank-math-answer \">\n\n<p>Vincent van Gogh, 23 Aral\u0131k 1888&#8217;de Arles&#8217;da ya\u015fad\u0131\u011f\u0131 bir ruhsal kriz s\u0131ras\u0131nda sol kula\u011f\u0131n\u0131n bir k\u0131sm\u0131n\u0131 veya tamam\u0131n\u0131 kesmi\u015ftir.<\/p>\n\n<\/div>\n<\/div>\n<div id=\"faq-question-1721994145094\" class=\"rank-math-list-item\">\n<h3 class=\"rank-math-question \">Vincent Van Gogh kula\u011f\u0131n\u0131 kime verdi?<\/h3>\n<div class=\"rank-math-answer \">\n\n<p>Van Gogh kula\u011f\u0131n\u0131 kesmesinin ard\u0131ndan kula\u011f\u0131n\u0131 bir pe\u00e7eteye sararak d\u00fczenli ili\u015fki kurdu\u011fu bir genelevde \u00e7al\u0131\u015fan Rachel isimli bir kad\u0131na g\u00f6t\u00fcrm\u00fc\u015ft\u00fcr.<\/p>\n\n<\/div>\n<\/div>\n<\/div>\n<\/div>\n\n\n<h3 class=\"wp-block-heading\"><\/h3>\n","protected":false},"excerpt":{"rendered":"<p>Vincent Van Gogh, Bat\u0131 sanat tarihinin en etkili fig\u00fcrlerinden biri olarak kabul edilen bir ressamd\u0131r. Post-Empresyonizm ak\u0131m\u0131n\u0131n \u00f6nc\u00fclerinden biri olarak, \u00f6zellikle cesur renk kullan\u0131m\u0131 ve dramatik f\u0131r\u00e7a darbeleri ile tan\u0131n\u0131r. Hayat\u0131 boyunca yakla\u015f\u0131k 2100 eser \u00fcretmi\u015ftir, bunlar\u0131n yakla\u015f\u0131k 860&#8217;\u0131 ya\u011fl\u0131 boya tablolar\u0131d\u0131r. Pop\u00fcler k\u00fclt\u00fcrde kula\u011f\u0131n\u0131 kesen ressam olarak da bilinmektedir. Van Gogh Kimdir? Van Gogh, [&hellip;]<\/p>\n","protected":false},"author":2,"featured_media":1011,"comment_status":"open","ping_status":"open","sticky":false,"template":"","format":"standard","meta":{"_gspb_post_css":"","footnotes":""},"categories":[36,34],"tags":[],"class_list":["post-1010","post","type-post","status-publish","format-standard","has-post-thumbnail","hentry","category-ilham-verenler","category-sanatcilar"],"blocksy_meta":[],"_links":{"self":[{"href":"https:\/\/ivasanat.com\/blog\/wp-json\/wp\/v2\/posts\/1010","targetHints":{"allow":["GET"]}}],"collection":[{"href":"https:\/\/ivasanat.com\/blog\/wp-json\/wp\/v2\/posts"}],"about":[{"href":"https:\/\/ivasanat.com\/blog\/wp-json\/wp\/v2\/types\/post"}],"author":[{"embeddable":true,"href":"https:\/\/ivasanat.com\/blog\/wp-json\/wp\/v2\/users\/2"}],"replies":[{"embeddable":true,"href":"https:\/\/ivasanat.com\/blog\/wp-json\/wp\/v2\/comments?post=1010"}],"version-history":[{"count":5,"href":"https:\/\/ivasanat.com\/blog\/wp-json\/wp\/v2\/posts\/1010\/revisions"}],"predecessor-version":[{"id":1884,"href":"https:\/\/ivasanat.com\/blog\/wp-json\/wp\/v2\/posts\/1010\/revisions\/1884"}],"wp:featuredmedia":[{"embeddable":true,"href":"https:\/\/ivasanat.com\/blog\/wp-json\/wp\/v2\/media\/1011"}],"wp:attachment":[{"href":"https:\/\/ivasanat.com\/blog\/wp-json\/wp\/v2\/media?parent=1010"}],"wp:term":[{"taxonomy":"category","embeddable":true,"href":"https:\/\/ivasanat.com\/blog\/wp-json\/wp\/v2\/categories?post=1010"},{"taxonomy":"post_tag","embeddable":true,"href":"https:\/\/ivasanat.com\/blog\/wp-json\/wp\/v2\/tags?post=1010"}],"curies":[{"name":"wp","href":"https:\/\/api.w.org\/{rel}","templated":true}]}}